{"id":86844,"date":"2017-02-04T12:45:13","date_gmt":"2017-02-04T11:45:13","guid":{"rendered":"https:\/\/agentur-seifert.de\/?p=86844"},"modified":"2021-07-08T14:05:06","modified_gmt":"2021-07-08T12:05:06","slug":"der-fliegende-hollaender-premiere-hannover-reviews","status":"publish","type":"post","link":"https:\/\/agentur-seifert.de\/en\/der-fliegende-hollaender-premiere-hannover-reviews\/","title":{"rendered":"DER FLIEGENDE HOLL\u00c4NDER (PREMIERE) \u2013 HANNOVER (REVIEWS)"},"content":{"rendered":"\n<hr class=\"wp-block-separator\"\/>\n\n\n\n<h5 class=\"wp-block-heading\" id=\"h-premiere-on-february-11-2017\">Premiere on February 11, 2017<\/h5>\n\n\n\n<hr class=\"wp-block-separator\"\/>\n\n\n\n<p><span style=\"color: #e00000;\"><em>Here are the most relevant quotes from reviews in the German and international press.<br>This selection does not claim to be complete.<\/em><\/span><\/p>\n\n\n\n<hr class=\"wp-block-separator\"\/>\n\n\n\n<!--more-->\n\n\n\n<h4 class=\"wp-block-heading\" id=\"h-online-musik-magazin-by-bernd-stopka\"><a href=\"http:\/\/www.omm.de\/index.htm\" target=\"_blank\" rel=\"noreferrer noopener\">Online Musik Magazin<\/a>&nbsp;by Bernd Stopka<\/h4>\n\n\n\n<h5>Gruftie-Girl und tote Kuh<\/h5>\n<div>\n<p align=\"justify\"><em>\u2026Hannovers neuer GMD Ivan Repu\u0161i\u0107 gibt einen fulminanten Opernpremieren-Einstand und gibt Wagner, was des Wagners ist, hochspannend, elanvoll und mitrei\u00dfend. Die gesanglichen Leistungen k\u00f6nnen hingegen weniger \u00fcberzeugen\u2026<\/em><\/p>\n<\/div>\n\n\n<div\n\t\t\t\n\t\t\tclass=\"so-widget-sow-button so-widget-sow-button-wire-83a9ae619fc0\"\n\t\t\t\n\t\t><div class=\"ow-button-base ow-button-align-left\"\n>\n\t\t\t<a\n\t\t\t\t\thref=\"http:\/\/www.omm.de\/veranstaltungen\/musiktheater20162017\/H-der-fliegende-hollaender.html\"\n\t\t\t\t\tclass=\"sowb-button ow-icon-placement-right ow-button-hover\" target=\"_blank\" rel=\"noopener noreferrer\" \t>\n\t\t<span>\n\t\t\t<span class=\"sow-icon-fontawesome sow-fas\" data-sow-icon=\"&#xf101;\"\n\t\tstyle=\"\" \n\t\taria-hidden=\"true\"><\/span>\n\t\t\tRead more\t\t<\/span>\n\t\t\t<\/a>\n\t<\/div>\n<\/div>\n\n\n<hr class=\"wp-block-separator is-style-dots\"\/>\n\n\n\n<h4 class=\"wp-block-heading\" id=\"h-ndr-by-agnieszka-zagozdzon\"><a href=\"https:\/\/www.ndr.de\/index.html\" target=\"_blank\" rel=\"noreferrer noopener\">NDR<\/a>&nbsp;by Agnieszka Zagozdzon<\/h4>\n\n\n\n<h5>Repu\u0161ic deb\u00fctiert mit \u201cFliegendem Holl\u00e4nder\u201d<\/h5>\n<p><em>\u2026Musikalisch \u00fcberragend waren der Chor sowie das Nieders\u00e4chsische Staatsorchester unter seinem neuen Generalmusikdirektor Repu\u0161ic. Reich an Klangfarben, mit einer feinen dynamischen Balance und einem insgesamt runden und sehr eleganten Stil \u2013 so pr\u00e4sentierte sich das Orchester unter Repu\u0161ics Leitung\u2026<\/em><\/p>\n\n\n<div\n\t\t\t\n\t\t\tclass=\"so-widget-sow-button so-widget-sow-button-wire-83a9ae619fc0\"\n\t\t\t\n\t\t><div class=\"ow-button-base ow-button-align-left\"\n>\n\t\t\t<a\n\t\t\t\t\thref=\"https:\/\/www.ndr.de\/kultur\/musik\/index.html\"\n\t\t\t\t\tclass=\"sowb-button ow-icon-placement-right ow-button-hover\" target=\"_blank\" rel=\"noopener noreferrer\" \t>\n\t\t<span>\n\t\t\t<span class=\"sow-icon-fontawesome sow-fas\" data-sow-icon=\"&#xf101;\"\n\t\tstyle=\"\" \n\t\taria-hidden=\"true\"><\/span>\n\t\t\tRead more\t\t<\/span>\n\t\t\t<\/a>\n\t<\/div>\n<\/div>\n\n\n<hr class=\"wp-block-separator is-style-dots\"\/>\n\n\n\n<h4 class=\"wp-block-heading\" id=\"h-haz-by-stefan-arndt\"><a href=\"http:\/\/www.haz.de\/\" target=\"_blank\" rel=\"noreferrer noopener\">HAZ<\/a>&nbsp;by Stefan Arndt<\/h4>\n\n\n\n<div>\n<div>\n<div>\n<h5>So war die Premiere des \u201cFliegenden Holl\u00e4nders\u201d<\/h5>\n<\/div>\n<\/div>\n<\/div>\n<div>\n<div class=\"pda-article-body\">\n<div id=\"articlecontent\" class=\"pda-abody entry-content fb-quotable\">\n<p class=\"pda-abody-p\"><em>\u2026Was aus dem Orchestergraben und von der B\u00fchne t\u00f6nt, hat durchweg gro\u00dfes Format. Dirigent Ivan Repusic l\u00e4sst das Staatsorchester schon in der rasant angegangenen Ouvert\u00fcre lustvoll aus dem Vollen sch\u00f6pfen. Markige Blechbl\u00e4ser erheben sich \u00fcber sehnigem Streicherklang: Trotz des geschlossenen Vorhangs meint man das Geisterschiff des Holl\u00e4nders aus rauer See auftauchen zu sehen. Und dann die Holzbl\u00e4ser, die in wunderbarer Ruhe ihre Melodien aussingen\u2026<\/em><\/p>\n<\/div>\n<\/div>\n<\/div>\n\n\n<div\n\t\t\t\n\t\t\tclass=\"so-widget-sow-button so-widget-sow-button-wire-83a9ae619fc0\"\n\t\t\t\n\t\t><div class=\"ow-button-base ow-button-align-left\"\n>\n\t\t\t<a\n\t\t\t\t\thref=\"https:\/\/www.haz.de\/Nachrichten\/Kultur\/Uebersicht\/Der-fliegende-Hollaender-in-der-Staatsoper\"\n\t\t\t\t\tclass=\"sowb-button ow-icon-placement-right ow-button-hover\" target=\"_blank\" rel=\"noopener noreferrer\" \t>\n\t\t<span>\n\t\t\t<span class=\"sow-icon-fontawesome sow-fas\" data-sow-icon=\"&#xf101;\"\n\t\tstyle=\"\" \n\t\taria-hidden=\"true\"><\/span>\n\t\t\tRead more\t\t<\/span>\n\t\t\t<\/a>\n\t<\/div>\n<\/div>\n\n\n<hr class=\"wp-block-separator is-style-dots\"\/>\n\n\n\n<h4 class=\"wp-block-heading\" id=\"h-online-merker-by-christian-sch-tte\"><a href=\"http:\/\/der-neue-merker.eu\/\" target=\"_blank\" rel=\"noreferrer noopener\">ONLINE MERKER<\/a>&nbsp;by Christian Sch\u00fctte<\/h4>\n\n\n\n<h5>Zwei Au\u00dfenseiter finden sich<\/h5>\n<p><em>\u2026Musikalisch \u00fcberzeugt die Auff\u00fchrung durchweg. GMD&nbsp;<strong>Ivan Repu\u0161i\u0107<\/strong>&nbsp;steht zum ersten Mal in seiner Funktion am Pult einer Premiere, im September zur Saisoner\u00f6ffnung war das krankheitsbedingt nicht m\u00f6glich. Er arbeitet mit dem Staatsorchester viele Details der Partitur heraus, geht dabei sehr differenziert durch den Abend, deckt die B\u00fchne niemals zu und h\u00e4lt stets gute Balancen. Dazu spielt das Orchester mit \u00fcppigem Klang und gibt sich in den Passagen, die schon auf Wagners sp\u00e4tere Werke hinweisen, gern dem Klangrausch hin\u2026<\/em><\/p>\n\n\n<div\n\t\t\t\n\t\t\tclass=\"so-widget-sow-button so-widget-sow-button-wire-83a9ae619fc0\"\n\t\t\t\n\t\t><div class=\"ow-button-base ow-button-align-left\"\n>\n\t\t\t<a\n\t\t\t\t\thref=\"https:\/\/onlinemerker.com\/hannover-der-fliegende-hollaender-zwei-aussenseiter-finden-sich-premiere\/\"\n\t\t\t\t\tclass=\"sowb-button ow-icon-placement-right ow-button-hover\" target=\"_blank\" rel=\"noopener noreferrer\" \t>\n\t\t<span>\n\t\t\t<span class=\"sow-icon-fontawesome sow-fas\" data-sow-icon=\"&#xf101;\"\n\t\tstyle=\"\" \n\t\taria-hidden=\"true\"><\/span>\n\t\t\tRead more\t\t<\/span>\n\t\t\t<\/a>\n\t<\/div>\n<\/div>\n\n\n<hr class=\"wp-block-separator is-style-dots\"\/>\n\n\n\n<h4 class=\"wp-block-heading\" id=\"h-cast\">Cast:<\/h4>\n\n\n<table style=\"border-collapse: collapse; width: 100%; height: 368px;\">\n<tbody>\n<tr style=\"height: 23px;\">\n<td style=\"width: 50%; text-align: left; vertical-align: top; height: 23px;\">Musikalische Leitung<\/td>\n<td style=\"width: 50%; text-align: left; vertical-align: top; height: 23px;\"><strong>Ivan Repu\u0161i\u0107<\/strong><\/td>\n<\/tr>\n<tr style=\"height: 23px;\">\n<td style=\"width: 50%; text-align: left; vertical-align: top; height: 23px;\">Inszenierung<\/td>\n<td style=\"width: 50%; text-align: left; vertical-align: top; height: 23px;\"><strong>Bernd Mottl<\/strong><\/td>\n<\/tr>\n<tr style=\"height: 23px;\">\n<td style=\"width: 50%; text-align: left; vertical-align: top; height: 23px;\">B\u00fchne<\/td>\n<td style=\"width: 50%; text-align: left; vertical-align: top; height: 23px;\"><strong>Friedrich Eggert<\/strong><\/td>\n<\/tr>\n<tr style=\"height: 23px;\">\n<td style=\"width: 50%; text-align: left; vertical-align: top; height: 23px;\">Kost\u00fcme<\/td>\n<td style=\"width: 50%; text-align: left; vertical-align: top; height: 23px;\"><strong>Doey L\u00fcthi<\/strong><\/td>\n<\/tr>\n<tr style=\"height: 23px;\">\n<td style=\"width: 50%; text-align: left; vertical-align: top; height: 23px;\">Licht<\/td>\n<td style=\"width: 50%; text-align: left; vertical-align: top; height: 23px;\"><strong>Elana Siberski<\/strong><\/td>\n<\/tr>\n<tr style=\"height: 23px;\">\n<td style=\"width: 50%; text-align: left; vertical-align: top; height: 23px;\">Choreinstudierung<\/td>\n<td style=\"width: 50%; text-align: left; vertical-align: top; height: 23px;\"><strong>Dan Ratiu<\/strong><\/td>\n<\/tr>\n<tr style=\"height: 23px;\">\n<td style=\"width: 50%; text-align: left; vertical-align: top; height: 23px;\">Dramaturgie<\/td>\n<td style=\"width: 50%; text-align: left; vertical-align: top; height: 23px;\"><strong>Christopher Baumann<\/strong><\/td>\n<\/tr>\n<tr style=\"height: 23px;\">\n<td style=\"width: 100%; text-align: left; vertical-align: top; height: 23px;\" colspan=\"2\">&nbsp;<\/td>\n<\/tr>\n<tr style=\"height: 23px;\">\n<td style=\"width: 50%; text-align: left; vertical-align: top; height: 23px;\">Daland<\/td>\n<td style=\"width: 50%; text-align: left; vertical-align: top; height: 23px;\"><strong>Shavleg Armasi<\/strong><\/td>\n<\/tr>\n<tr style=\"height: 23px;\">\n<td style=\"width: 50%; text-align: left; vertical-align: top; height: 23px;\">Senta<\/td>\n<td style=\"width: 50%; text-align: left; vertical-align: top; height: 23px;\"><strong>Kelly God<\/strong><\/td>\n<\/tr>\n<tr style=\"height: 23px;\">\n<td style=\"width: 50%; text-align: left; vertical-align: top; height: 23px;\">Erik<\/td>\n<td style=\"width: 50%; text-align: left; vertical-align: top; height: 23px;\"><strong>Robert K\u00fcnzli<\/strong><\/td>\n<\/tr>\n<tr style=\"height: 23px;\">\n<td style=\"width: 50%; text-align: left; vertical-align: top; height: 23px;\">Mary<\/td>\n<td style=\"width: 50%; text-align: left; vertical-align: top; height: 23px;\"><strong>Julie-Marie Sundal<\/strong><\/td>\n<\/tr>\n<tr style=\"height: 23px;\">\n<td style=\"width: 50%; text-align: left; vertical-align: top; height: 23px;\">Der Holl\u00e4nder<\/td>\n<td style=\"width: 50%; text-align: left; vertical-align: top; height: 23px;\"><strong>Stefan Adam<\/strong><\/td>\n<\/tr>\n<tr style=\"height: 23px;\">\n<td style=\"width: 50%; text-align: left; vertical-align: top; height: 23px;\">Der Steuermann<\/td>\n<td style=\"width: 50%; text-align: left; vertical-align: top; height: 23px;\"><strong>Pawel Brozek<\/strong><\/td>\n<\/tr>\n<tr style=\"height: 23px;\">\n<td style=\"width: 100%; text-align: left; vertical-align: top; height: 23px;\" colspan=\"2\"><strong>Chor der Staatsoper Hannover<\/strong><\/td>\n<\/tr>\n<tr style=\"height: 23px;\">\n<td style=\"width: 100%; text-align: left; vertical-align: top; height: 23px;\" colspan=\"2\"><strong>Nieders\u00e4chsisches Staatsorchester Hannover<\/strong><\/td>\n<\/tr>\n<\/tbody>\n<\/table>","protected":false},"excerpt":{"rendered":"<p>Premiere on February 11, 2017 Here are the most relevant quotes from reviews in the German and international press.This selection does not claim to be complete.<\/p>\n","protected":false},"author":3,"featured_media":83216,"comment_status":"closed","ping_status":"closed","sticky":false,"template":"","format":"standard","meta":{"kk_blocks_editor_width":"","_kiokenblocks_attr":"","_kiokenblocks_dimensions":"","footnotes":""},"categories":[610,602],"tags":[],"class_list":["post-86844","post","type-post","status-publish","format-standard","has-post-thumbnail","hentry","category-reviews","category-reviews-ivan-repusic"],"_links":{"self":[{"href":"https:\/\/agentur-seifert.de\/en\/wp-json\/wp\/v2\/posts\/86844","targetHints":{"allow":["GET"]}}],"collection":[{"href":"https:\/\/agentur-seifert.de\/en\/wp-json\/wp\/v2\/posts"}],"about":[{"href":"https:\/\/agentur-seifert.de\/en\/wp-json\/wp\/v2\/types\/post"}],"author":[{"embeddable":true,"href":"https:\/\/agentur-seifert.de\/en\/wp-json\/wp\/v2\/users\/3"}],"replies":[{"embeddable":true,"href":"https:\/\/agentur-seifert.de\/en\/wp-json\/wp\/v2\/comments?post=86844"}],"version-history":[{"count":6,"href":"https:\/\/agentur-seifert.de\/en\/wp-json\/wp\/v2\/posts\/86844\/revisions"}],"predecessor-version":[{"id":94188,"href":"https:\/\/agentur-seifert.de\/en\/wp-json\/wp\/v2\/posts\/86844\/revisions\/94188"}],"wp:featuredmedia":[{"embeddable":true,"href":"https:\/\/agentur-seifert.de\/en\/wp-json\/wp\/v2\/media\/83216"}],"wp:attachment":[{"href":"https:\/\/agentur-seifert.de\/en\/wp-json\/wp\/v2\/media?parent=86844"}],"wp:term":[{"taxonomy":"category","embeddable":true,"href":"https:\/\/agentur-seifert.de\/en\/wp-json\/wp\/v2\/categories?post=86844"},{"taxonomy":"post_tag","embeddable":true,"href":"https:\/\/agentur-seifert.de\/en\/wp-json\/wp\/v2\/tags?post=86844"}],"curies":[{"name":"wp","href":"https:\/\/api.w.org\/{rel}","templated":true}]}}