{"id":86832,"date":"2017-11-01T11:02:41","date_gmt":"2017-11-01T10:02:41","guid":{"rendered":"https:\/\/agentur-seifert.de\/?p=86832"},"modified":"2021-06-24T19:42:14","modified_gmt":"2021-06-24T17:42:14","slug":"durufle-respighi-requiem-concerto-gregoriano-reviews","status":"publish","type":"post","link":"https:\/\/agentur-seifert.de\/en\/durufle-respighi-requiem-concerto-gregoriano-reviews\/","title":{"rendered":"DURUFL\u00c9 &#038; RESPIGHI \u2013 REQUIEM &#038; CONCERTO GREGORIANO (REVIEWS)"},"content":{"rendered":"<p><strong><img loading=\"lazy\" decoding=\"async\" class=\"alignleft wp-image-83537\" src=\"https:\/\/agentur-seifert.de\/wp-content\/uploads\/2018\/03\/CD_Repusic_Durufl\u00e9_Rsepighi_cover-1.jpg\" alt=\"\" width=\"330\" height=\"328\" srcset=\"https:\/\/agentur-seifert.de\/wp-content\/uploads\/2018\/03\/CD_Repusic_Durufl\u00e9_Rsepighi_cover-1.jpg 272w, https:\/\/agentur-seifert.de\/wp-content\/uploads\/2018\/03\/CD_Repusic_Durufl\u00e9_Rsepighi_cover-1-150x150.jpg 150w\" sizes=\"auto, (max-width: 330px) 100vw, 330px\" \/>Maurice Durufl\u00e9: Requiem<\/strong><br \/><strong>Okka von der Damerau<\/strong>, mezzo-soprano<br \/><strong>Ljubomir Pu\u0161kari\u0107<\/strong>, baritone<br \/><strong>Bavarian Radio Chorus<\/strong><br \/><strong>M\u00fcnchner Rundfunkorcheste<\/strong>r<\/p>\n<p><strong>Ottorino Respighi: Concerto gregoriano<\/strong><br \/><strong>Henry Raudales<\/strong>, violine<br \/><strong>M\u00fcnchner Rundfunkorchester<\/strong><br \/><strong>Ivan Repu\u0161i\u0107<\/strong><\/p>\n<p>CD, BR-KLASSIK 900320<br \/>Release date: September 29, 2017<\/p>\n<p>\u00a0<\/p>\n\n\n<hr class=\"wp-block-separator\"\/>\n\n\n\n<p><span style=\"color: #e00000;\"><em>Here are the most relevant quotes from reviews in the German and international press.<br \/>This selection does not claim to be complete.<\/em><\/span><\/p>\n\n\n\n<hr class=\"wp-block-separator\"\/>\n\n\n\n<!--more-->\n\n\n\n<h4 class=\"wp-block-heading\" id=\"h-klassik-com-von-dr-matthias-lange-22-10-2017\"><a href=\"https:\/\/www.klassik.com\/\" target=\"_blank\" rel=\"noreferrer noopener\">Klassik.com<\/a>\u00a0von Dr. Matthias Lange, 22.10.2017<\/h4>\n\n\n\n<h5>Gregorianisch<\/h5>\n<p class=\"wichtig\"><em>\u2026Ein verhei\u00dfungsvoller Auftakt f\u00fcr die Zusammenarbeit des M\u00fcnchner Rundfunkorchesters mit seinem neuen Chefdirigenten Ivan Repusic: Durufl\u00e9 und Respighi, atmosph\u00e4risch dicht und \u00fcberaus delikat gespielt\u2026<\/em><\/p>\n\n\n<div\n\t\t\t\n\t\t\tclass=\"so-widget-sow-button so-widget-sow-button-wire-83a9ae619fc0\"\n\t\t\t\n\t\t><div class=\"ow-button-base ow-button-align-left\"\n>\n\t\t\t<a\n\t\t\t\t\thref=\"https:\/\/magazin.klassik.com\/reviews\/reviews.cfm?TASK=REVIEW&#038;RECID=32878&#038;REID=17395\"\n\t\t\t\t\tclass=\"sowb-button ow-icon-placement-right ow-button-hover\" target=\"_blank\" rel=\"noopener noreferrer\" \t>\n\t\t<span>\n\t\t\t<span class=\"sow-icon-fontawesome sow-fas\" data-sow-icon=\"&#xf101;\"\n\t\tstyle=\"\" \n\t\taria-hidden=\"true\"><\/span>\n\t\t\tRead more\t\t<\/span>\n\t\t\t<\/a>\n\t<\/div>\n<\/div>\n\n\n<hr class=\"wp-block-separator is-style-dots\"\/>\n\n\n\n<h4 class=\"wp-block-heading\" id=\"h-musicweb-international-com-von-michael-cookson\"><a href=\"http:\/\/www.musicweb-international.com\/\" target=\"_blank\" rel=\"noreferrer noopener\">musicweb-international.com<\/a>\u00a0von Michael Cookson<\/h4>\n\n\n\n<p align=\"justify\"><em>\u2026Taking up his post as chief conductor of the M\u00fcnchner Rundfunkorchester as recently as the 2017\/2018 season, Ivan Repu\u0161ic, known primarily for his work in the opera house, ensures steadfast performances focusing on colour and detail. The recording was made at Herz-Jesu-Kirche in Munich. The engineering team excel, providing sound that has first-rate clarity and balance. Although it is a live performance, there is virtually no unwanted noise to worry about and the applause has been removed. The helpful essays \u201cThe Idea of Silence\u201d (Durufl\u00e9) by Regina Back and \u201cThe Fascination of Gregorian Chant\u201d (Respighi) by Doris Sennefelder provide welcome background to each work. While knowing the requiem mass quite well, I certainly do not know the Latin text in its entirety.This makes the absence of sung text with an English translation extremely disappointing.<\/em><\/p>\n<p><em>It is hard to find fault with these performances. They serve Durufl\u00e9 and Respighi admirably\u2026<\/em><\/p>\n\n\n<div\n\t\t\t\n\t\t\tclass=\"so-widget-sow-button so-widget-sow-button-wire-83a9ae619fc0\"\n\t\t\t\n\t\t><div class=\"ow-button-base ow-button-align-left\"\n>\n\t\t\t<a\n\t\t\t\t\thref=\"http:\/\/musicweb-international.com\/classrev\/2017\/Oct\/Durufle_requiem_900320.htm\"\n\t\t\t\t\tclass=\"sowb-button ow-icon-placement-right ow-button-hover\" target=\"_blank\" rel=\"noopener noreferrer\" \t>\n\t\t<span>\n\t\t\t<span class=\"sow-icon-fontawesome sow-fas\" data-sow-icon=\"&#xf101;\"\n\t\tstyle=\"\" \n\t\taria-hidden=\"true\"><\/span>\n\t\t\tRead more\t\t<\/span>\n\t\t\t<\/a>\n\t<\/div>\n<\/div>\n\n\n<hr class=\"wp-block-separator is-style-dots\"\/>\n","protected":false},"excerpt":{"rendered":"<p>Maurice Durufl\u00e9: RequiemOkka von der Damerau, mezzo-sopranoLjubomir Pu\u0161kari\u0107, baritoneBavarian Radio ChorusM\u00fcnchner Rundfunkorchester Ottorino Respighi: Concerto gregorianoHenry Raudales, violineM\u00fcnchner RundfunkorchesterIvan Repu\u0161i\u0107 CD, BR-KLASSIK 900320Release date: September 29, 2017 \u00a0 Here are the most relevant quotes from reviews in the German and international press.This selection does not&#8230;<\/p>\n","protected":false},"author":3,"featured_media":90300,"comment_status":"closed","ping_status":"closed","sticky":false,"template":"","format":"standard","meta":{"kk_blocks_editor_width":"","_kiokenblocks_attr":"","_kiokenblocks_dimensions":"","footnotes":""},"categories":[610,602],"tags":[],"class_list":["post-86832","post","type-post","status-publish","format-standard","has-post-thumbnail","hentry","category-reviews","category-reviews-ivan-repusic"],"_links":{"self":[{"href":"https:\/\/agentur-seifert.de\/en\/wp-json\/wp\/v2\/posts\/86832","targetHints":{"allow":["GET"]}}],"collection":[{"href":"https:\/\/agentur-seifert.de\/en\/wp-json\/wp\/v2\/posts"}],"about":[{"href":"https:\/\/agentur-seifert.de\/en\/wp-json\/wp\/v2\/types\/post"}],"author":[{"embeddable":true,"href":"https:\/\/agentur-seifert.de\/en\/wp-json\/wp\/v2\/users\/3"}],"replies":[{"embeddable":true,"href":"https:\/\/agentur-seifert.de\/en\/wp-json\/wp\/v2\/comments?post=86832"}],"version-history":[{"count":8,"href":"https:\/\/agentur-seifert.de\/en\/wp-json\/wp\/v2\/posts\/86832\/revisions"}],"predecessor-version":[{"id":93949,"href":"https:\/\/agentur-seifert.de\/en\/wp-json\/wp\/v2\/posts\/86832\/revisions\/93949"}],"wp:featuredmedia":[{"embeddable":true,"href":"https:\/\/agentur-seifert.de\/en\/wp-json\/wp\/v2\/media\/90300"}],"wp:attachment":[{"href":"https:\/\/agentur-seifert.de\/en\/wp-json\/wp\/v2\/media?parent=86832"}],"wp:term":[{"taxonomy":"category","embeddable":true,"href":"https:\/\/agentur-seifert.de\/en\/wp-json\/wp\/v2\/categories?post=86832"},{"taxonomy":"post_tag","embeddable":true,"href":"https:\/\/agentur-seifert.de\/en\/wp-json\/wp\/v2\/tags?post=86832"}],"curies":[{"name":"wp","href":"https:\/\/api.w.org\/{rel}","templated":true}]}}