{"id":83236,"date":"2019-07-14T17:34:20","date_gmt":"2019-07-14T15:34:20","guid":{"rendered":"https:\/\/agentur-seifert.de\/?p=83236"},"modified":"2021-06-23T05:11:57","modified_gmt":"2021-06-23T03:11:57","slug":"ero-der-schelm-ero-s-onoga-svijeta-muenchner-rundfunkorchester-reviews","status":"publish","type":"post","link":"https:\/\/agentur-seifert.de\/en\/ero-der-schelm-ero-s-onoga-svijeta-muenchner-rundfunkorchester-reviews\/","title":{"rendered":"ERO S ONOGA SVIJETA (Reviews)"},"content":{"rendered":"\n<hr class=\"wp-block-separator\"\/>\n\n\n\n<h4 class=\"wp-block-heading\" id=\"h-concert-performance-on-may-19-2019\">Concert performance on May 19, 2019<\/h4>\n\n\n\n<hr class=\"wp-block-separator\"\/>\n\n\n\n<p><span style=\"color: #e00000;\"><em>Here are the most relevant quotes from reviews in the German and international press.<br>This selection does not claim to be complete.<\/em><\/span><\/p>\n\n\n\n<hr class=\"wp-block-separator\"\/>\n\n\n\n<!--more-->\n\n\n\n<h4 class=\"wp-block-heading\" id=\"h-nmz-by-wolf-dieter-peter\"><a rel=\"noreferrer noopener\" href=\"https:\/\/www.nmz.de\/\" target=\"_blank\">nmz<\/a> by Wolf-Dieter Peter<\/h4>\n\n\n\n<h5 class=\"wp-block-heading\" id=\"h-kroatischer-hans-im-gl-ck-jakov-gotovacs-nationaloper-ero-der-schelm-in-m-nchen\">Kroatischer Hans-im-Gl\u00fcck \u2013 Jakov Gotovacs Nationaloper \u201eEro der Schelm\u201c in M\u00fcnchen<\/h5>\n\n\n\n<p><em>&#8230;Davor boten das M\u00fcnchner Rundfunkorchester unter seinem kroatischen Chefdirigenten Ivan Repu\u0161i\u010d die farbenfrohe, immer wieder t\u00e4nzerisch pulsierende Musik Gotovacs wohl so idiomatisch wie nur m\u00f6glich: ein sch\u00f6nes Liebesduett, ein paar gute kleine Charakternummern f\u00fcr die Eltern, viel Kommentierendes f\u00fcr den immer wieder anwesenden Chor \u2013 aber auch viel lediglich nett begleitendes Klangbild mit ein wenig folkloristischen Z\u00fcgen. Dennoch war der Gesamteindruck so authentisch wie nur m\u00f6glich: der Kroatische Rundfunkchor sang und s\u00e4mtliche guten Solisten kamen aus Kroatien, voran Valentina Kobi\u010d als Dula und Tomislav Mu\u017eek als Ero&#8230;<\/em><\/p>\n\n\n<div\n\t\t\t\n\t\t\tclass=\"so-widget-sow-button so-widget-sow-button-wire-eb2084a9d103\"\n\t\t\t\n\t\t><div class=\"ow-button-base ow-button-align-left\"\n>\n\t\t\t<a\n\t\t\t\t\thref=\"https:\/\/www.nmz.de\/online\/kroatischer-hans-im-glueck-jakov-gotovacs-nationaloper-ero-der-schelm-im-muenchner-prinzregen\"\n\t\t\t\t\tclass=\"sowb-button ow-icon-placement-right ow-button-hover\" target=\"_blank\" rel=\"noopener noreferrer\" \t>\n\t\t<span>\n\t\t\t<span class=\"sow-icon-fontawesome sow-fas\" data-sow-icon=\"&#xf101;\"\n\t\tstyle=\"\" \n\t\taria-hidden=\"true\"><\/span>\n\t\t\tRead more\t\t<\/span>\n\t\t\t<\/a>\n\t<\/div>\n<\/div>\n\n\n<hr class=\"wp-block-separator is-style-dots\"\/>\n\n\n\n<h4 class=\"wp-block-heading\" id=\"h-online-merker-by-udo-pacolt\"><a rel=\"noreferrer noopener\" href=\"https:\/\/onlinemerker.com\/\" target=\"_blank\">Online Merker<\/a> by Udo Pacolt<\/h4>\n\n\n\n<h5 class=\"wp-block-heading\" id=\"h-m-nchen-prinzregententheater-ero-der-schelm-von-jakov-gotova\">M\u00dcNCHEN\/ Prinzregententheater: ERO, DER SCHELM von Jakov Gotova\u0107<\/h5>\n\n\n\n<p><em>&#8230;Das M\u00fcnchner Rundfunkorchester spielte unter der temperamentvollen Leitung von Ivan Repu\u0161i\u0107 &nbsp;\u2013 er ist seit der Spielzeit 2017 \/ 18 Chefdirigent des Orchesters \u2013 die Partitur des Komponisten so rasant und ausdrucksstark, dass das Publikum vom Anfang bis zum Schluss begeistert war. Eindrucksvoll auch der Kroatische Rundfunkchor (Einstudierung: Luka Vuk\u0161i\u0107), der mit erstaunlichem Stimmvolumen agierte&#8230;<\/em><\/p>\n\n\n<div\n\t\t\t\n\t\t\tclass=\"so-widget-sow-button so-widget-sow-button-wire-eb2084a9d103\"\n\t\t\t\n\t\t><div class=\"ow-button-base ow-button-align-left\"\n>\n\t\t\t<a\n\t\t\t\t\thref=\"https:\/\/onlinemerker.com\/muenchen-prinzregentheater-ero-der-schelm-von-jakov-gotovac\/\"\n\t\t\t\t\tclass=\"sowb-button ow-icon-placement-right ow-button-hover\" target=\"_blank\" rel=\"noopener noreferrer\" \t>\n\t\t<span>\n\t\t\t<span class=\"sow-icon-fontawesome sow-fas\" data-sow-icon=\"&#xf101;\"\n\t\tstyle=\"\" \n\t\taria-hidden=\"true\"><\/span>\n\t\t\tRead more\t\t<\/span>\n\t\t\t<\/a>\n\t<\/div>\n<\/div>\n\n\n<hr class=\"wp-block-separator is-style-dots\"\/>\n\n\n\n<h4 class=\"wp-block-heading\" id=\"h-s-ddeutsche-zeitung-by-klaus-kalchschmid\"><a rel=\"noreferrer noopener\" href=\"https:\/\/www.sueddeutsche.de\/\" target=\"_blank\">S\u00fcddeutsche Zeitung<\/a> by Klaus Kalchschmid<\/h4>\n\n\n\n<h5 class=\"wp-block-heading\" id=\"h-kurzkritik-farbenreich\"><strong>Kurzkritik <\/strong>Farbenreich<\/h5>\n\n\n\n<p><em>&#8230;Am Ende kocht das Prinzregententheater vor Begeisterung, und es sind nicht nur Kroaten, die hier ihre Nationaloper &#8220;Ero, der Schelm&#8221; von Jakov Gotovac feiern in einer prallen, \u00fcberaus lebendigen, in der Originalsprache unter Ivan Repu\u0161i\u0107 gro\u00dfartig gesungenen und gespielten konzertanten Auff\u00fchrung mit dem Kroatischen Rundfunkchor und dem M\u00fcnchner Rundfunkorchester&#8230;<\/em><\/p>\n\n\n<div\n\t\t\t\n\t\t\tclass=\"so-widget-sow-button so-widget-sow-button-wire-eb2084a9d103\"\n\t\t\t\n\t\t><div class=\"ow-button-base ow-button-align-left\"\n>\n\t\t\t<a\n\t\t\t\t\thref=\"https:\/\/onlinemerker.com\/muenchen-prinzregentheater-ero-der-schelm-von-jakov-gotovac\/\"\n\t\t\t\t\tclass=\"sowb-button ow-icon-placement-right ow-button-hover\" target=\"_blank\" rel=\"noopener noreferrer\" \t>\n\t\t<span>\n\t\t\t<span class=\"sow-icon-fontawesome sow-fas\" data-sow-icon=\"&#xf101;\"\n\t\tstyle=\"\" \n\t\taria-hidden=\"true\"><\/span>\n\t\t\tRead more\t\t<\/span>\n\t\t\t<\/a>\n\t<\/div>\n<\/div>\n\n\n<hr class=\"wp-block-separator is-style-dots\"\/>\n\n\n\n<h4 class=\"wp-block-heading\" id=\"h-cast\">Cast:<\/h4>\n\n\n<table style=\"border-collapse: collapse; width: 100%; height: 187px;\">\n<tbody>\n<tr style=\"height: 24px;\">\n<td style=\"width: 50%; height: 24px; text-align: left; vertical-align: top;\">\u0110ULA<\/td>\n<td style=\"width: 50%; height: 24px; text-align: left; vertical-align: top;\"><strong>Valentina Fija\u010dko Kobi\u0107<\/strong><\/td>\n<\/tr>\n<tr style=\"height: 24px;\">\n<td style=\"width: 50%; height: 24px; text-align: left; vertical-align: top;\">DOMA<\/td>\n<td style=\"width: 50%; height: 24px; text-align: left; vertical-align: top;\"><strong>Jelena Kordi\u0107<\/strong><\/td>\n<\/tr>\n<tr style=\"height: 24px;\">\n<td style=\"width: 50%; height: 24px; text-align: left; vertical-align: top;\">MIC\u00c1<\/td>\n<td style=\"width: 50%; height: 24px; text-align: left; vertical-align: top;\"><strong>Tomislav Mu\u017eek<\/strong><\/td>\n<\/tr>\n<tr style=\"height: 23px;\">\n<td style=\"width: 50%; text-align: left; vertical-align: top; height: 23px;\">SIMA<\/td>\n<td style=\"width: 50%; text-align: left; vertical-align: top; height: 23px;\"><strong>Ljubomir Pu\u0161kari\u0107<\/strong><\/td>\n<\/tr>\n<tr style=\"height: 23px;\">\n<td style=\"width: 50%; text-align: left; vertical-align: top; height: 23px;\">MARKO<\/td>\n<td style=\"width: 50%; text-align: left; vertical-align: top; height: 23px;\"><strong>Ivica \u010cike\u0161<\/strong><\/td>\n<\/tr>\n<tr style=\"height: 23px;\">\n<td style=\"width: 50%; text-align: left; vertical-align: top; height: 23px;\">EIN HIRTENKNABE<\/td>\n<td style=\"width: 50%; text-align: left; vertical-align: top; height: 23px;\"><strong>Suzana Ce\u0161njaj<\/strong><\/td>\n<\/tr>\n<tr style=\"height: 23px;\">\n<td style=\"width: 50%; text-align: left; vertical-align: top; height: 23px;\" colspan=\"2\"><strong>Kroatischer Rundfunkchor Luka Vuk\u0161i\u0107 EINSTUDIERUNG<\/strong><\/td>\n<\/tr>\n<tr style=\"height: 23px;\">\n<td style=\"width: 50%; text-align: left; vertical-align: top; height: 23px;\" colspan=\"2\"><strong>M\u00fcnchner Rundfunkorchester Ivan Repu\u0161i\u0107 LEITUNG<\/strong><\/td>\n<\/tr>\n<\/tbody>\n<\/table>\n\n\n<hr class=\"wp-block-separator is-style-dots\"\/>\n","protected":false},"excerpt":{"rendered":"<p>Concert performance on May 19, 2019 Here are the most relevant quotes from reviews in the German and international press.This selection does not claim to be complete.<\/p>\n","protected":false},"author":3,"featured_media":90288,"comment_status":"closed","ping_status":"closed","sticky":false,"template":"","format":"standard","meta":{"kk_blocks_editor_width":"","_kiokenblocks_attr":"","_kiokenblocks_dimensions":"","footnotes":""},"categories":[610,602],"tags":[],"class_list":["post-83236","post","type-post","status-publish","format-standard","has-post-thumbnail","hentry","category-reviews","category-reviews-ivan-repusic"],"_links":{"self":[{"href":"https:\/\/agentur-seifert.de\/en\/wp-json\/wp\/v2\/posts\/83236","targetHints":{"allow":["GET"]}}],"collection":[{"href":"https:\/\/agentur-seifert.de\/en\/wp-json\/wp\/v2\/posts"}],"about":[{"href":"https:\/\/agentur-seifert.de\/en\/wp-json\/wp\/v2\/types\/post"}],"author":[{"embeddable":true,"href":"https:\/\/agentur-seifert.de\/en\/wp-json\/wp\/v2\/users\/3"}],"replies":[{"embeddable":true,"href":"https:\/\/agentur-seifert.de\/en\/wp-json\/wp\/v2\/comments?post=83236"}],"version-history":[{"count":18,"href":"https:\/\/agentur-seifert.de\/en\/wp-json\/wp\/v2\/posts\/83236\/revisions"}],"predecessor-version":[{"id":93920,"href":"https:\/\/agentur-seifert.de\/en\/wp-json\/wp\/v2\/posts\/83236\/revisions\/93920"}],"wp:featuredmedia":[{"embeddable":true,"href":"https:\/\/agentur-seifert.de\/en\/wp-json\/wp\/v2\/media\/90288"}],"wp:attachment":[{"href":"https:\/\/agentur-seifert.de\/en\/wp-json\/wp\/v2\/media?parent=83236"}],"wp:term":[{"taxonomy":"category","embeddable":true,"href":"https:\/\/agentur-seifert.de\/en\/wp-json\/wp\/v2\/categories?post=83236"},{"taxonomy":"post_tag","embeddable":true,"href":"https:\/\/agentur-seifert.de\/en\/wp-json\/wp\/v2\/tags?post=83236"}],"curies":[{"name":"wp","href":"https:\/\/api.w.org\/{rel}","templated":true}]}}