{"id":80798,"date":"2019-03-25T14:26:16","date_gmt":"2019-03-25T13:26:16","guid":{"rendered":"https:\/\/agentur-seifert.de\/opera-nationala-romana-iasi-le-nozze-di-figaro-2\/"},"modified":"2021-06-16T05:20:32","modified_gmt":"2021-06-16T03:20:32","slug":"opera-nationala-romana-iasi-le-nozze-di-figaro-2","status":"publish","type":"post","link":"https:\/\/agentur-seifert.de\/en\/opera-nationala-romana-iasi-le-nozze-di-figaro-2\/","title":{"rendered":"Opera Na\u021bional\u0103 Rom\u00e2n\u0103 Ia\u0219i &#8211; Le nozze di Figaro"},"content":{"rendered":"\n<ul class=\"wp-block-list\"><li><strong>Wolfgang Amadeus Mozart<\/strong>\u00a0| Le nozze di Figaro<\/li><li><strong>Paula Iancic\u00a0<\/strong>|\u00a0<em>Susanna<br><\/em><strong>Date:<\/strong><\/li><li>31.03.2019 | Opera Na\u021bional\u0103 Rom\u00e2n\u0103 Ia\u0219i<\/li><\/ul>\n\n\n\n<div class=\"wp-block-kioken-spacer\" style=\"color:#999999;height:50px\"><hr\/><\/div>\n","protected":false},"excerpt":{"rendered":"<p>Wolfgang Amadeus Mozart\u00a0| Le nozze di Figaro Paula Iancic\u00a0|\u00a0SusannaDate: 31.03.2019 | Opera Na\u021bional\u0103 Rom\u00e2n\u0103 Ia\u0219i<\/p>\n","protected":false},"author":3,"featured_media":83666,"comment_status":"closed","ping_status":"closed","sticky":false,"template":"","format":"standard","meta":{"kk_blocks_editor_width":"","_kiokenblocks_attr":"","_kiokenblocks_dimensions":"","footnotes":""},"categories":[440],"tags":[],"class_list":["post-80798","post","type-post","status-publish","format-standard","has-post-thumbnail","hentry","category-news-en"],"_links":{"self":[{"href":"https:\/\/agentur-seifert.de\/en\/wp-json\/wp\/v2\/posts\/80798","targetHints":{"allow":["GET"]}}],"collection":[{"href":"https:\/\/agentur-seifert.de\/en\/wp-json\/wp\/v2\/posts"}],"about":[{"href":"https:\/\/agentur-seifert.de\/en\/wp-json\/wp\/v2\/types\/post"}],"author":[{"embeddable":true,"href":"https:\/\/agentur-seifert.de\/en\/wp-json\/wp\/v2\/users\/3"}],"replies":[{"embeddable":true,"href":"https:\/\/agentur-seifert.de\/en\/wp-json\/wp\/v2\/comments?post=80798"}],"version-history":[{"count":2,"href":"https:\/\/agentur-seifert.de\/en\/wp-json\/wp\/v2\/posts\/80798\/revisions"}],"predecessor-version":[{"id":93595,"href":"https:\/\/agentur-seifert.de\/en\/wp-json\/wp\/v2\/posts\/80798\/revisions\/93595"}],"wp:featuredmedia":[{"embeddable":true,"href":"https:\/\/agentur-seifert.de\/en\/wp-json\/wp\/v2\/media\/83666"}],"wp:attachment":[{"href":"https:\/\/agentur-seifert.de\/en\/wp-json\/wp\/v2\/media?parent=80798"}],"wp:term":[{"taxonomy":"category","embeddable":true,"href":"https:\/\/agentur-seifert.de\/en\/wp-json\/wp\/v2\/categories?post=80798"},{"taxonomy":"post_tag","embeddable":true,"href":"https:\/\/agentur-seifert.de\/en\/wp-json\/wp\/v2\/tags?post=80798"}],"curies":[{"name":"wp","href":"https:\/\/api.w.org\/{rel}","templated":true}]}}