{"id":79752,"date":"2019-01-08T09:38:37","date_gmt":"2019-01-08T08:38:37","guid":{"rendered":"http:\/\/agentur-seifert.de\/?p=79752"},"modified":"2021-07-05T11:21:18","modified_gmt":"2021-07-05T09:21:18","slug":"opera-national-de-paris-rusalka-premiere","status":"publish","type":"post","link":"https:\/\/agentur-seifert.de\/en\/opera-national-de-paris-rusalka-premiere\/","title":{"rendered":"Op\u00e9ra national de Paris &#8211; Rusalka"},"content":{"rendered":"<div>\n<div>\n<ul>\n<li><strong>Anton\u00edn Dvor\u00e1k<\/strong> | Rusalka<\/li>\n<li><strong>Thomas J. Mayer <\/strong>|\u00a0<em>Vodn\u00edk<\/em>, <i>the water goblin<\/i><\/li>\n<li>Conductor: <strong>Susanna M\u00e4lkki<\/strong> | Director: <strong>Robert Carsen<\/strong><br \/><strong>Dates:<\/strong><\/li>\n<li>29.01.2019 | Paris, Op\u00e9ra Bastille<\/li>\n<li>01.02.2019 | Paris, Op\u00e9ra Bastille<\/li>\n<li>04.02.2019 | Paris, Op\u00e9ra Bastille\u00a0<\/li>\n<li>07.02.2019 | Paris, Op\u00e9ra Bastille\u00a0<\/li>\n<li>10.02.2019 | Paris, Op\u00e9ra Bastille\u00a0<\/li>\n<li>13.02.2019 | Paris, Op\u00e9ra Bastille\u00a0<\/li>\n<\/ul>\n<\/div>\n<\/div>\n\n\n<div style=\"height:15px\" aria-hidden=\"true\" class=\"wp-block-spacer\"><\/div>\n\n\n<div\n\t\t\t\n\t\t\tclass=\"so-widget-sow-button so-widget-sow-button-wire-83a9ae619fc0\"\n\t\t\t\n\t\t><div class=\"ow-button-base ow-button-align-left\"\n>\n\t\t\t<a\n\t\t\t\t\thref=\"https:\/\/www.operadeparis.fr\/saison-18-19\/opera\/rusalka\"\n\t\t\t\t\tclass=\"sowb-button ow-icon-placement-right ow-button-hover\" target=\"_blank\" rel=\"noopener noreferrer\" \t>\n\t\t<span>\n\t\t\t<span class=\"sow-icon-fontawesome sow-fas\" data-sow-icon=\"&#xf101;\"\n\t\tstyle=\"\" \n\t\taria-hidden=\"true\"><\/span>\n\t\t\tto the organizer\t\t<\/span>\n\t\t\t<\/a>\n\t<\/div>\n<\/div>\n\n\n<div class=\"wp-block-kioken-spacer\" style=\"color:#999999;height:50px\"><hr\/><\/div>\n","protected":false},"excerpt":{"rendered":"<p>Anton\u00edn Dvor\u00e1k | Rusalka Thomas J. Mayer |\u00a0Vodn\u00edk, the water goblin Conductor: Susanna M\u00e4lkki | Director: Robert CarsenDates: 29.01.2019 | Paris, Op\u00e9ra Bastille 01.02.2019 | Paris, Op\u00e9ra Bastille 04.02.2019 | Paris, Op\u00e9ra Bastille\u00a0 07.02.2019 | Paris, Op\u00e9ra Bastille\u00a0 10.02.2019 | Paris, Op\u00e9ra Bastille\u00a0 13.02.2019 |&#8230;<\/p>\n","protected":false},"author":3,"featured_media":84357,"comment_status":"closed","ping_status":"closed","sticky":false,"template":"","format":"standard","meta":{"kk_blocks_editor_width":"","_kiokenblocks_attr":"","_kiokenblocks_dimensions":"","footnotes":""},"categories":[353],"tags":[],"class_list":["post-79752","post","type-post","status-publish","format-standard","has-post-thumbnail","hentry","category-thomas-j-mayer-en"],"_links":{"self":[{"href":"https:\/\/agentur-seifert.de\/en\/wp-json\/wp\/v2\/posts\/79752","targetHints":{"allow":["GET"]}}],"collection":[{"href":"https:\/\/agentur-seifert.de\/en\/wp-json\/wp\/v2\/posts"}],"about":[{"href":"https:\/\/agentur-seifert.de\/en\/wp-json\/wp\/v2\/types\/post"}],"author":[{"embeddable":true,"href":"https:\/\/agentur-seifert.de\/en\/wp-json\/wp\/v2\/users\/3"}],"replies":[{"embeddable":true,"href":"https:\/\/agentur-seifert.de\/en\/wp-json\/wp\/v2\/comments?post=79752"}],"version-history":[{"count":5,"href":"https:\/\/agentur-seifert.de\/en\/wp-json\/wp\/v2\/posts\/79752\/revisions"}],"predecessor-version":[{"id":94129,"href":"https:\/\/agentur-seifert.de\/en\/wp-json\/wp\/v2\/posts\/79752\/revisions\/94129"}],"wp:featuredmedia":[{"embeddable":true,"href":"https:\/\/agentur-seifert.de\/en\/wp-json\/wp\/v2\/media\/84357"}],"wp:attachment":[{"href":"https:\/\/agentur-seifert.de\/en\/wp-json\/wp\/v2\/media?parent=79752"}],"wp:term":[{"taxonomy":"category","embeddable":true,"href":"https:\/\/agentur-seifert.de\/en\/wp-json\/wp\/v2\/categories?post=79752"},{"taxonomy":"post_tag","embeddable":true,"href":"https:\/\/agentur-seifert.de\/en\/wp-json\/wp\/v2\/tags?post=79752"}],"curies":[{"name":"wp","href":"https:\/\/api.w.org\/{rel}","templated":true}]}}