{"id":79206,"date":"2018-11-07T15:49:20","date_gmt":"2018-11-07T14:49:20","guid":{"rendered":"http:\/\/agentur-seifert.de\/muenchner-rundfunkorchester-i-due-foscari\/"},"modified":"2021-02-03T15:44:06","modified_gmt":"2021-02-03T14:44:06","slug":"muenchner-rundfunkorchester-i-due-foscari","status":"publish","type":"post","link":"https:\/\/agentur-seifert.de\/en\/muenchner-rundfunkorchester-i-due-foscari\/","title":{"rendered":"M\u00fcnchner Rundfunkorchester &#8211; I due Foscari"},"content":{"rendered":"<p><strong>Ivan Repu\u0161i\u0107<\/strong> conducts Giuseppe Verdi\u00b4s <a href=\"https:\/\/www.rundfunkorchester.de\/i-due-foscari-muenchen-25-11-2018\/k7740\/\" target=\"_blank\" rel=\"noopener noreferrer\">I DUE FOSCARI<\/a> in a concert version with the Munich Radio Orchestra at the Prinzregentheater in Munich on November 25, 2018.<br \/>\nThe concert will repeat at the Palace of Art (M\u00fcPa)\u00a0in Budapest on November 27, 2018.<\/p>\n<p>The cast includes:<\/p>\n<div>\n<div>Guanqun Yu, Sopran<\/div>\n<div>Bernadett Fodor, Mezzosopran<\/div>\n<div>Ivan Magr\u00ec, Tenor<\/div>\n<div>Istv\u00e1n Horv\u00e1th, Tenor<\/div>\n<div>Leo Nucci, Bariton<\/div>\n<div>Mikl\u00f3s Sebesty\u00e9n, Bassbariton<\/div>\n<div>Chor des Bayerischen Rundfunks<\/div>\n<div><\/div>\n<div><\/div>\n<\/div>\n","protected":false},"excerpt":{"rendered":"<p>Ivan Repu\u0161i\u0107 conducts Giuseppe Verdi\u00b4s I DUE FOSCARI in a concert version with the Munich Radio Orchestra at the Prinzregentheater in Munich on November 25, 2018. The concert will repeat at the Palace of Art (M\u00fcPa)\u00a0in Budapest on November 27, 2018. The cast includes: Guanqun&#8230;<\/p>\n","protected":false},"author":3,"featured_media":90298,"comment_status":"closed","ping_status":"closed","sticky":false,"template":"","format":"standard","meta":{"kk_blocks_editor_width":"","_kiokenblocks_attr":"","_kiokenblocks_dimensions":"","footnotes":""},"categories":[394],"tags":[459],"class_list":["post-79206","post","type-post","status-publish","format-standard","has-post-thumbnail","hentry","category-ivan-repusic-en","tag-ivan-repusic-en"],"_links":{"self":[{"href":"https:\/\/agentur-seifert.de\/en\/wp-json\/wp\/v2\/posts\/79206","targetHints":{"allow":["GET"]}}],"collection":[{"href":"https:\/\/agentur-seifert.de\/en\/wp-json\/wp\/v2\/posts"}],"about":[{"href":"https:\/\/agentur-seifert.de\/en\/wp-json\/wp\/v2\/types\/post"}],"author":[{"embeddable":true,"href":"https:\/\/agentur-seifert.de\/en\/wp-json\/wp\/v2\/users\/3"}],"replies":[{"embeddable":true,"href":"https:\/\/agentur-seifert.de\/en\/wp-json\/wp\/v2\/comments?post=79206"}],"version-history":[{"count":5,"href":"https:\/\/agentur-seifert.de\/en\/wp-json\/wp\/v2\/posts\/79206\/revisions"}],"predecessor-version":[{"id":90957,"href":"https:\/\/agentur-seifert.de\/en\/wp-json\/wp\/v2\/posts\/79206\/revisions\/90957"}],"wp:featuredmedia":[{"embeddable":true,"href":"https:\/\/agentur-seifert.de\/en\/wp-json\/wp\/v2\/media\/90298"}],"wp:attachment":[{"href":"https:\/\/agentur-seifert.de\/en\/wp-json\/wp\/v2\/media?parent=79206"}],"wp:term":[{"taxonomy":"category","embeddable":true,"href":"https:\/\/agentur-seifert.de\/en\/wp-json\/wp\/v2\/categories?post=79206"},{"taxonomy":"post_tag","embeddable":true,"href":"https:\/\/agentur-seifert.de\/en\/wp-json\/wp\/v2\/tags?post=79206"}],"curies":[{"name":"wp","href":"https:\/\/api.w.org\/{rel}","templated":true}]}}