{"id":6486,"date":"2016-05-17T15:24:02","date_gmt":"2016-05-17T13:24:02","guid":{"rendered":"http:\/\/agentur-seifert.eu\/en\/ivan-repusic-neuer-chefdirigent-des-muenchner-rundfunkorchesters\/"},"modified":"2019-08-08T10:47:26","modified_gmt":"2019-08-08T08:47:26","slug":"ivan-repusic-neuer-chefdirigent-des-muenchner-rundfunkorchesters","status":"publish","type":"post","link":"https:\/\/agentur-seifert.de\/en\/ivan-repusic-neuer-chefdirigent-des-muenchner-rundfunkorchesters\/","title":{"rendered":"New Chief Conductor of the Munich Radio Symphony Orchestra"},"content":{"rendered":"<p><strong>Ivan Repu\u0161i\u0107 <\/strong>will, in addition to his duties as GMD of the Nieders\u00e4chsische Staatstheater Hannover, take over as new Chief Conductor of the Munich Radio Symphony Orchestra from the beginning of the 2017\/2018 season.<\/p>\n","protected":false},"excerpt":{"rendered":"<p>Ivan Repu\u0161i\u0107 will, in addition to his duties as GMD of the Nieders\u00e4chsische Staatstheater Hannover, take over as new Chief Conductor of the Munich Radio Symphony Orchestra from the beginning of the 2017\/2018 season.<\/p>\n","protected":false},"author":3,"featured_media":83214,"comment_status":"closed","ping_status":"closed","sticky":false,"template":"","format":"standard","meta":{"kk_blocks_editor_width":"","_kiokenblocks_attr":"","_kiokenblocks_dimensions":"","footnotes":""},"categories":[394],"tags":[459],"class_list":["post-6486","post","type-post","status-publish","format-standard","has-post-thumbnail","hentry","category-ivan-repusic-en","tag-ivan-repusic-en"],"_links":{"self":[{"href":"https:\/\/agentur-seifert.de\/en\/wp-json\/wp\/v2\/posts\/6486","targetHints":{"allow":["GET"]}}],"collection":[{"href":"https:\/\/agentur-seifert.de\/en\/wp-json\/wp\/v2\/posts"}],"about":[{"href":"https:\/\/agentur-seifert.de\/en\/wp-json\/wp\/v2\/types\/post"}],"author":[{"embeddable":true,"href":"https:\/\/agentur-seifert.de\/en\/wp-json\/wp\/v2\/users\/3"}],"replies":[{"embeddable":true,"href":"https:\/\/agentur-seifert.de\/en\/wp-json\/wp\/v2\/comments?post=6486"}],"version-history":[{"count":3,"href":"https:\/\/agentur-seifert.de\/en\/wp-json\/wp\/v2\/posts\/6486\/revisions"}],"predecessor-version":[{"id":84663,"href":"https:\/\/agentur-seifert.de\/en\/wp-json\/wp\/v2\/posts\/6486\/revisions\/84663"}],"wp:featuredmedia":[{"embeddable":true,"href":"https:\/\/agentur-seifert.de\/en\/wp-json\/wp\/v2\/media\/83214"}],"wp:attachment":[{"href":"https:\/\/agentur-seifert.de\/en\/wp-json\/wp\/v2\/media?parent=6486"}],"wp:term":[{"taxonomy":"category","embeddable":true,"href":"https:\/\/agentur-seifert.de\/en\/wp-json\/wp\/v2\/categories?post=6486"},{"taxonomy":"post_tag","embeddable":true,"href":"https:\/\/agentur-seifert.de\/en\/wp-json\/wp\/v2\/tags?post=6486"}],"curies":[{"name":"wp","href":"https:\/\/api.w.org\/{rel}","templated":true}]}}