{"id":49132,"date":"2015-11-04T15:41:00","date_gmt":"2015-11-04T14:41:00","guid":{"rendered":"http:\/\/agentur-seifert.eu\/?p=49132\/"},"modified":"2017-11-25T13:07:48","modified_gmt":"2017-11-25T12:07:48","slug":"istanbul-kueltuer-sanat-vakfi-la-boheme-che-gelida-manina","status":"publish","type":"post","link":"https:\/\/agentur-seifert.de\/en\/istanbul-kueltuer-sanat-vakfi-la-boheme-che-gelida-manina\/","title":{"rendered":"\u0130stanbul K\u00fclt\u00fcr Sanat Vakf\u0131 &#8211; La Boh\u00e8me, \u201cChe gelida manina\u201d"},"content":{"rendered":"<p style=\"text-align: center;\"><iframe loading=\"lazy\" src=\"\/\/www.youtube.com\/embed\/U38F8N9eNPs\" width=\"560\" height=\"314\" allowfullscreen=\"allowfullscreen\"><\/iframe><\/p>\n<p style=\"text-align: center;\">Jonathan Winell (tenor\/ tenore, ABD\/ USA)<\/p>\n<p style=\"text-align: center;\">G. Puccini: La Boh\u00e8me, \u201cChe gelida manina\u201d<\/p>\n<p style=\"text-align: center;\">*\u0130kincilik \u00d6d\u00fcl\u00fc\/ Second Prize<\/p>\n<p style=\"text-align: center;\">8. Leyla Gencer \u015ean Yar\u0131\u015fmas\u0131 \/ Voice Competition<br \/>\nIstanbul Final, 2015<\/p>\n<p>&nbsp;<\/p>\n","protected":false},"excerpt":{"rendered":"<p>Jonathan Winell (tenor\/ tenore, ABD\/ USA) G. Puccini: La Boh\u00e8me, \u201cChe gelida manina\u201d *\u0130kincilik \u00d6d\u00fcl\u00fc\/ Second Prize 8. Leyla Gencer \u015ean Yar\u0131\u015fmas\u0131 \/ Voice Competition Istanbul Final, 2015 &nbsp;<\/p>\n","protected":false},"author":3,"featured_media":0,"comment_status":"closed","ping_status":"closed","sticky":false,"template":"","format":"video","meta":{"kk_blocks_editor_width":"","_kiokenblocks_attr":"","_kiokenblocks_dimensions":"","footnotes":""},"categories":[533],"tags":[456],"class_list":["post-49132","post","type-post","status-publish","format-video","hentry","category-media-jonathan-winell-en","tag-jonathan-winell-en","post_format-post-format-video"],"_links":{"self":[{"href":"https:\/\/agentur-seifert.de\/en\/wp-json\/wp\/v2\/posts\/49132","targetHints":{"allow":["GET"]}}],"collection":[{"href":"https:\/\/agentur-seifert.de\/en\/wp-json\/wp\/v2\/posts"}],"about":[{"href":"https:\/\/agentur-seifert.de\/en\/wp-json\/wp\/v2\/types\/post"}],"author":[{"embeddable":true,"href":"https:\/\/agentur-seifert.de\/en\/wp-json\/wp\/v2\/users\/3"}],"replies":[{"embeddable":true,"href":"https:\/\/agentur-seifert.de\/en\/wp-json\/wp\/v2\/comments?post=49132"}],"version-history":[{"count":1,"href":"https:\/\/agentur-seifert.de\/en\/wp-json\/wp\/v2\/posts\/49132\/revisions"}],"predecessor-version":[{"id":49142,"href":"https:\/\/agentur-seifert.de\/en\/wp-json\/wp\/v2\/posts\/49132\/revisions\/49142"}],"wp:attachment":[{"href":"https:\/\/agentur-seifert.de\/en\/wp-json\/wp\/v2\/media?parent=49132"}],"wp:term":[{"taxonomy":"category","embeddable":true,"href":"https:\/\/agentur-seifert.de\/en\/wp-json\/wp\/v2\/categories?post=49132"},{"taxonomy":"post_tag","embeddable":true,"href":"https:\/\/agentur-seifert.de\/en\/wp-json\/wp\/v2\/tags?post=49132"}],"curies":[{"name":"wp","href":"https:\/\/api.w.org\/{rel}","templated":true}]}}