{"id":106936,"date":"2024-06-04T14:30:00","date_gmt":"2024-06-04T12:30:00","guid":{"rendered":"https:\/\/agentur-seifert.de\/?p=106936"},"modified":"2024-06-04T15:05:08","modified_gmt":"2024-06-04T13:05:08","slug":"der-ring-des-nibelungen-deutsche-oper-berlin-reviews","status":"publish","type":"post","link":"https:\/\/agentur-seifert.de\/en\/der-ring-des-nibelungen-deutsche-oper-berlin-reviews\/","title":{"rendered":"DER RING DES NIBELUNGEN \u2013 DEUTSCHE OPER BERLIN (REVIEWS)"},"content":{"rendered":"<p>[English]<\/p>\n\n\n<hr class=\"wp-block-separator has-alpha-channel-opacity\"\/>\n\n\n\n<h5 class=\"wp-block-heading has-text-align-center\">3 ring cycles from May 12 to June 2, 2024<\/h5>\n\n\n\n<hr class=\"wp-block-separator has-alpha-channel-opacity\"\/>\n\n\n\n<p style=\"text-align: center;\"><span style=\"color: #dd1616;\"><em>Here are the most relevant quotes from reviews in the German and international press.<br>This selection does not claim to be complete.<\/em><\/span><\/p>\n\n\n\n<hr class=\"wp-block-separator has-alpha-channel-opacity\"\/>\n\n\n\n<!--more-->\n\n\n\n<h4 class=\"wp-block-heading has-text-align-center has-custom-weight\" style=\"font-weight:bold\"><span class=\"kt-uppercase\">Das Rheingold<\/span><\/h4>\n\n\n\n<h4 class=\"wp-block-heading has-text-align-center\"><a href=\"https:\/\/www.forumopera.com\/\" target=\"_blank\" rel=\"noreferrer noopener\">Forum Op\u00e9ra<\/a> by Christophe Rizoud<\/h4>\n\n\n\n<div style=\"height:15px\" aria-hidden=\"true\" class=\"wp-block-spacer\"><\/div>\n\n\n\n<h5 class=\"wp-block-heading has-text-align-center\">Chi va piano, va sano ?<\/h5>\n\n\n\n<div style=\"height:15px\" aria-hidden=\"true\" class=\"wp-block-spacer\"><\/div>\n\n\n\n<p style=\"text-align: center;\"><em>&#8230;la Fricka,de <\/em><strong><em>Annika Schlicht<\/em><\/strong><em>, mezzo-soprano \u00e9gal et d\u00e9pourvu de duret\u00e9s, redoutable car inhabituellement s\u00e9duisante. <\/em><em>S\u2019agissant de r\u00f4les appel\u00e9s \u00e0 revenir dans les prochains \u00e9pisodes, voil\u00e0 qui augure bien de la suite&#8230;<\/em><\/p>\n<p style=\"text-align: center;\"><em>&nbsp;<\/em><\/p>\n\n\n\n<div class=\"wp-block-kioken-advancedbtn kt-btn-align-center kt-btns-wrap kt-btns_1579f6-88\"><div class=\"kt-btn-wrap kt-btn-wrap-0 \"><a class=\"kt-button kt-btn-0-action   kt-btn-svg-show-always kt-btn-has-text-true kt-btn-has-svg-false\" href=\"https:\/\/www.forumopera.com\/spectacle\/wagner-das-rheingold-berlin-deutsche-oper\/\" target=\"_blank\" rel=\"noreferrer noopener\" style=\"font-size:16px;border-width:0px\"><span class=\"kt-btn-inner-text\">Read more<\/span><\/a><\/div><\/div>\n\n\n\n<div class=\"wp-block-kioken-spacer is-style-custom\" style=\"color:#999999;height:50px\"><div class=\"spacer-inner-wrap kt_d_flex kt_flex_aligncenter kt_flex_justifycenter\"><span class=\"spacer-line\" style=\"color:#999999;border-bottom-style:solid;border-bottom-width:2px\"><\/span><\/div><hr\/><\/div>\n\n\n\n<h4 class=\"wp-block-heading has-text-align-center\"><a href=\"https:\/\/klassik-begeistert.de\/\" target=\"_blank\" rel=\"noreferrer noopener\">Klassik begeistert <\/a>by Johannes Karl Fischer<\/h4>\n\n\n\n<div style=\"height:15px\" aria-hidden=\"true\" class=\"wp-block-spacer\"><\/div>\n\n\n\n<h5 class=\"wp-block-heading has-text-align-center\">Frisch weht der Wind dem Rheingold zu<\/h5>\n\n\n\n<div style=\"height:15px\" aria-hidden=\"true\" class=\"wp-block-spacer\"><\/div>\n\n\n\n<p style=\"text-align: center;\"><strong><em>&#8230;<\/em><\/strong><em>Fast noch herrschender als Wotan selbst sang Annika Schlicht dessen Ehefrau, Fricka. Diese Mezzosopranistin spielte weit mehr als eine bangende Frau, rollentreu hielt sie mit volumin\u00f6ser und mahnender Stimme ihren Ehegemahl m\u00e4chtig im Schach&#8230;<\/em><\/p>\n\n\n\n<div class=\"wp-block-kioken-advancedbtn kt-btn-align-center kt-btns-wrap kt-btns_e7185b-81\"><div class=\"kt-btn-wrap kt-btn-wrap-0 \"><a class=\"kt-button kt-btn-0-action   kt-btn-svg-show-always kt-btn-has-text-true kt-btn-has-svg-false\" href=\"https:\/\/klassik-begeistert.de\/das-rheingold-musik-und-libretto-von-richard-wagner-deutsche-oper-berlin-11-mai-2024\/\" target=\"_blank\" rel=\"noreferrer noopener\" style=\"font-size:16px;border-width:0px\"><span class=\"kt-btn-inner-text\">Read more<\/span><\/a><\/div><\/div>\n\n\n\n<div class=\"wp-block-kioken-spacer is-style-custom\" style=\"color:#999999;height:50px\"><div class=\"spacer-inner-wrap kt_d_flex kt_flex_aligncenter kt_flex_justifycenter\"><span class=\"spacer-line\" style=\"color:#999999;border-bottom-style:solid;border-bottom-width:2px\"><\/span><\/div><hr\/><\/div>\n\n\n\n<h4 class=\"wp-block-heading has-text-align-center\"><a href=\"https:\/\/seenandheard-international.com\/\" target=\"_blank\" rel=\"noreferrer noopener\">Seen and Heard<\/a> by Mark Berry<\/h4>\n\n\n\n<div style=\"height:15px\" aria-hidden=\"true\" class=\"wp-block-spacer\"><\/div>\n\n\n\n<h5 class=\"wp-block-heading has-text-align-center\">Unusually thoughtful production of <em>Das Rheingold<\/em>, superbly performed at the Deutsche Oper Berlin<\/h5>\n\n\n\n<div style=\"height:15px\" aria-hidden=\"true\" class=\"wp-block-spacer\"><\/div>\n\n\n\n<p style=\"text-align: center;\"><em>&#8230;Rarely, if ever, have I heard so clearly the roots in Gluckian accompagnato of Fricka\u2019s contributions to her first exchange with Wotan, also of course tribute to the astute, rich-toned artistry of Annika Schlicht&#8230;<\/em><\/p>\n\n\n\n<div class=\"wp-block-kioken-advancedbtn kt-btn-align-center kt-btns-wrap kt-btns_1b483b-a4\"><div class=\"kt-btn-wrap kt-btn-wrap-0 \"><a class=\"kt-button kt-btn-0-action   kt-btn-svg-show-always kt-btn-has-text-true kt-btn-has-svg-false\" href=\"https:\/\/seenandheard-international.com\/2024\/05\/unusually-thoughtful-production-of-das-rheingold-superbly-performed-at-the-deutsche-oper-berlin\/\" style=\"font-size:16px;border-width:0px\"><span class=\"kt-btn-inner-text\">Read more<\/span><\/a><\/div><\/div>\n\n\n\n<div class=\"wp-block-kioken-spacer is-style-custom\" style=\"color:#999999;height:50px\"><div class=\"spacer-inner-wrap kt_d_flex kt_flex_aligncenter kt_flex_justifycenter\"><span class=\"spacer-line\" style=\"color:#999999;border-bottom-style:solid;border-bottom-width:2px\"><\/span><\/div><hr\/><\/div>\n\n\n\n<h4 class=\"wp-block-heading has-text-align-center has-custom-weight\" style=\"font-weight:bold\"><span class=\"kt-uppercase\">D<\/span><span class=\"kt-uppercase\">i<\/span><span class=\"kt-uppercase\">e<\/span><span class=\"kt-uppercase\"> <\/span><span class=\"kt-uppercase\">W<\/span><span class=\"kt-uppercase\">a<\/span><span class=\"kt-uppercase\">l<\/span><span class=\"kt-uppercase\">k\u00fc<\/span><span class=\"kt-uppercase\">r<\/span><span class=\"kt-uppercase\">e<\/span><\/h4>\n\n\n\n<h4 class=\"wp-block-heading has-text-align-center\"><a href=\"https:\/\/www.forumopera.com\/\" target=\"_blank\" rel=\"noreferrer noopener\">Forum Op\u00e9ra<\/a> by Christophe Rizoud<\/h4>\n\n\n\n<h5 class=\"wp-block-heading has-text-align-center\">Le piano se d\u00e9saccorde<\/h5>\n\n\n\n<p style=\"text-align: center;\"><em>&#8230;<\/em><strong><em>Annika Schlicht<\/em><\/strong><em> confirma qu\u2019elle est une Fricka de grande classe \u2013 et sera acclam\u00e9e au tomber de rideau en cons\u00e9quence&#8230;<\/em><\/p>\n\n\n\n<div class=\"wp-block-kioken-advancedbtn kt-btn-align-center kt-btns-wrap kt-btns_7f3fda-be\"><div class=\"kt-btn-wrap kt-btn-wrap-0 \"><a class=\"kt-button kt-btn-0-action   kt-btn-svg-show-always kt-btn-has-text-true kt-btn-has-svg-false\" href=\"https:\/\/www.kultura-extra.de\/musik\/auffuehrungen\/premierenkritik_IlTrittico_DOB.php\" target=\"_blank\" rel=\"noreferrer noopener\" style=\"font-size:16px;border-width:0px\"><span class=\"kt-btn-inner-text\">Read more<\/span><\/a><\/div><\/div>\n\n\n\n<div class=\"wp-block-kioken-spacer is-style-custom\" style=\"color:#999999;height:50px\"><div class=\"spacer-inner-wrap kt_d_flex kt_flex_aligncenter kt_flex_justifycenter\"><span class=\"spacer-line\" style=\"color:#999999;border-bottom-style:solid;border-bottom-width:2px\"><\/span><\/div><hr\/><\/div>\n\n\n\n<h4 class=\"wp-block-heading has-text-align-center\"><a href=\"https:\/\/klassik-begeistert.de\/\" target=\"_blank\" rel=\"noreferrer noopener\">Klassik begeistert <\/a>by Johannes Karl Fischer<\/h4>\n\n\n\n<h5 class=\"wp-block-heading has-text-align-center\">Mit der Walk\u00fcre nimmt der Herheim-Ring an Fahrt auf\u2026<\/h5>\n\n\n\n<p style=\"text-align: center;\"><em>&#8230;In dieser Rolle setzte Annika Schlicht ihren im Rheingold begonnenen Siegeszug fort und bot mit packendem, kr\u00e4ftigem Mezzo auch Derek Welton \u2013 am Vorabend sang diese Rolle noch Iain Paterson \u2013 ordentlich die Stirn&#8230;<\/em><\/p>\n\n\n\n<div class=\"wp-block-kioken-advancedbtn kt-btn-align-center kt-btns-wrap kt-btns_83ac08-78\"><div class=\"kt-btn-wrap kt-btn-wrap-0 \"><a class=\"kt-button kt-btn-0-action   kt-btn-svg-show-always kt-btn-has-text-true kt-btn-has-svg-false\" href=\"https:\/\/klassik-begeistert.de\/die-walkuere-musik-und-libretto-von-richard-wagner-deutsche-oper-berlin-12-mai-2024\/\" target=\"_blank\" rel=\"noreferrer noopener\" style=\"font-size:16px;border-width:0px\"><span class=\"kt-btn-inner-text\">Read more<\/span><\/a><\/div><\/div>\n\n\n\n<div class=\"wp-block-kioken-spacer is-style-custom\" style=\"color:#999999;height:50px\"><div class=\"spacer-inner-wrap kt_d_flex kt_flex_aligncenter kt_flex_justifycenter\"><span class=\"spacer-line\" style=\"color:#999999;border-bottom-style:solid;border-bottom-width:2px\"><\/span><\/div><hr\/><\/div>\n\n\n\n<h4 class=\"wp-block-heading has-text-align-center\"><a href=\"https:\/\/seenandheard-international.com\/\" target=\"_blank\" rel=\"noreferrer noopener\">Seen and Heard<\/a> by Mark Berry<\/h4>\n\n\n\n<h5 class=\"wp-block-heading has-text-align-center\">The second instalment of Stefan Herheim\u2019s thought-provoking <em>Ring<\/em> cycle at the Deutsche Oper Berlin<\/h5>\n\n\n\n<p style=\"text-align: center;\"><em>&#8230;Annika Schlicht\u2019s Fricka was again not only beautifully sung, but verbally scrupulous, as here she must be all the more&#8230;<\/em><\/p>\n\n\n\n<div class=\"wp-block-kioken-advancedbtn kt-btn-align-center kt-btns-wrap kt-btns_270c51-1d\"><div class=\"kt-btn-wrap kt-btn-wrap-0 \"><a class=\"kt-button kt-btn-0-action   kt-btn-svg-show-always kt-btn-has-text-true kt-btn-has-svg-false\" href=\"https:\/\/seenandheard-international.com\/2024\/05\/the-second-instalment-of-stefan-herheims-thought-provoking-ring-cycle-at-the-deutsche-oper-berlin\/\" target=\"_blank\" rel=\"noreferrer noopener\" style=\"font-size:16px;border-width:0px\"><span class=\"kt-btn-inner-text\">Read more<\/span><\/a><\/div><\/div>\n\n\n\n<div class=\"wp-block-kioken-spacer is-style-custom\" style=\"color:#999999;height:50px\"><div class=\"spacer-inner-wrap kt_d_flex kt_flex_aligncenter kt_flex_justifycenter\"><span class=\"spacer-line\" style=\"color:#999999;border-bottom-style:solid;border-bottom-width:2px\"><\/span><\/div><hr\/><\/div>\n\n\n\n<h4 class=\"wp-block-heading has-text-align-center has-custom-weight\" style=\"font-weight:bold\"><span class=\"kt-uppercase\"><strong>G\u00d6TTERD\u00c4MMERUNG<\/strong><\/span><\/h4>\n\n\n\n<h4 class=\"wp-block-heading has-text-align-center\"><a href=\"https:\/\/www.forumopera.com\/\" target=\"_blank\" rel=\"noreferrer noopener\">Forum Op\u00e9ra<\/a> by Christophe Rizoud<\/h4>\n\n\n\n<h5 class=\"wp-block-heading has-text-align-center\">Il ne faut jurer de rien<\/h5>\n\n\n\n<p style=\"text-align: center;\"><strong><em>&#8230;Annika Schlicht<\/em><\/strong><em>, Waltraute superbe et alti\u00e8re dans ses implorations&#8230;<\/em><\/p>\n\n\n\n<div class=\"wp-block-kioken-advancedbtn kt-btn-align-center kt-btns-wrap kt-btns_ad0d7c-c9\"><div class=\"kt-btn-wrap kt-btn-wrap-0 \"><a class=\"kt-button kt-btn-0-action   kt-btn-svg-show-always kt-btn-has-text-true kt-btn-has-svg-false\" href=\"https:\/\/www.forumopera.com\/spectacle\/wagner-gotterdammerung-berlin-deutsche-oper\/\" target=\"_blank\" rel=\"noreferrer noopener\" style=\"font-size:16px;border-width:0px\"><span class=\"kt-btn-inner-text\">Read more<\/span><\/a><\/div><\/div>\n\n\n\n<div class=\"wp-block-kioken-spacer is-style-custom\" style=\"color:#999999;height:50px\"><div class=\"spacer-inner-wrap kt_d_flex kt_flex_aligncenter kt_flex_justifycenter\"><span class=\"spacer-line\" style=\"color:#999999;border-bottom-style:solid;border-bottom-width:2px\"><\/span><\/div><hr\/><\/div>\n\n\n\n<h4 class=\"wp-block-heading has-text-align-center\"><a href=\"https:\/\/klassik-begeistert.de\/\" target=\"_blank\" rel=\"noreferrer noopener\">Klassik begeistert <\/a>by Johannes Karl Fischer<\/h4>\n\n\n\n<h5 class=\"wp-block-heading has-text-align-center\">Auch mit der G\u00f6tterd\u00e4mmerung legt der Herheim-Ring noch einen drauf&#8230; einschlie\u00dflich der durchwegs sensationellen Stimmen<\/h5>\n\n\n\n<p style=\"text-align: center;\"><strong><em>&#8230;<\/em><\/strong><em>souver\u00e4n brillierte ihre Stimme in allen H\u00f6hen und Tiefen, leider sind ihre Warnungen am Ende vergebens und der Ring bleibe bei Br\u00fcnnhilde&#8230;<\/em><\/p>\n\n\n\n<div class=\"wp-block-kioken-advancedbtn kt-btn-align-center kt-btns-wrap kt-btns_2ebb31-04\"><div class=\"kt-btn-wrap kt-btn-wrap-0 \"><a class=\"kt-button kt-btn-0-action   kt-btn-svg-show-always kt-btn-has-text-true kt-btn-has-svg-false\" href=\"https:\/\/klassik-begeistert.de\/goetterdaemmerung-musik-und-libretto-von-richard-wagner-deutsche-oper-berlin-20-mai-2024\/\" target=\"_blank\" rel=\"noreferrer noopener\" style=\"font-size:16px;border-width:0px\"><span class=\"kt-btn-inner-text\">Read more<\/span><\/a><\/div><\/div>\n\n\n\n<div class=\"wp-block-kioken-spacer is-style-custom\" style=\"color:#999999;height:50px\"><div class=\"spacer-inner-wrap kt_d_flex kt_flex_aligncenter kt_flex_justifycenter\"><span class=\"spacer-line\" style=\"color:#999999;border-bottom-style:solid;border-bottom-width:2px\"><\/span><\/div><hr\/><\/div>\n\n\n\n<h4 class=\"wp-block-heading has-text-align-center\"><a href=\"https:\/\/seenandheard-international.com\/\" target=\"_blank\" rel=\"noreferrer noopener\">Seen and Heard<\/a> by Mark Berry<\/h4>\n\n\n\n<h5 class=\"wp-block-heading has-text-align-center\">With <em>G\u00f6tterd\u00e4mmerung<\/em>, the Deutsche Oper Berlin\u2019s distinguished <em>Ring<\/em> reaches its conclusion<\/h5>\n\n\n\n<p style=\"text-align: center;\"><em>&#8230;Annika Schlicht\u2019s chalumeau-like Waltraute was as much of a vocal and dramatic joy as her Fricka&#8230;<\/em><\/p>\n\n\n\n<div class=\"wp-block-kioken-advancedbtn kt-btn-align-center kt-btns-wrap kt-btns_6726dc-ec\"><div class=\"kt-btn-wrap kt-btn-wrap-0 \"><a class=\"kt-button kt-btn-0-action   kt-btn-svg-show-always kt-btn-has-text-true kt-btn-has-svg-false\" href=\"https:\/\/seenandheard-international.com\/2024\/05\/with-gotterdammerung-the-deutsche-oper-berlins-distinguished-ring-reaches-its-conclusion\/v\" target=\"_blank\" rel=\"noreferrer noopener\" style=\"font-size:16px;border-width:0px\"><span class=\"kt-btn-inner-text\">Read more<\/span><\/a><\/div><\/div>\n\n\n\n<div class=\"wp-block-kioken-spacer is-style-custom\" style=\"color:#999999;height:50px\"><div class=\"spacer-inner-wrap kt_d_flex kt_flex_aligncenter kt_flex_justifycenter\"><span class=\"spacer-line\" style=\"color:#999999;border-bottom-style:solid;border-bottom-width:2px\"><\/span><\/div><hr\/><\/div>\n\n\n\n<h4 class=\"wp-block-heading has-text-align-center has-custom-weight\" style=\"font-weight:bold\"><span class=\"kt-uppercase\">Ring complete<\/span><\/h4>\n\n\n\n<h4 class=\"wp-block-heading\"><a href=\"https:\/\/limelight-arts.com.au\/\">Limelight <\/a>by Paul Selar<\/h4>\n\n\n\n<h5 class=\"wp-block-heading has-text-align-center\">Der Ring des Nibelungen<\/h5>\n\n\n\n<p style=\"text-align: center;\"><em>&#8230;German mezzo-soprano Annika Schlicht displays all the best qualities in upholding Fricka\u2019s astute and determined nature, giving her a sassy appearance and a punchy, dark and velvety voiced tone and reaching her thrillingly ferocious peak in the stand-off with her husband Wotan (Derek Welton) in Die Walk\u00fcre. Schlicht\u2019s later return as Waltraute in urging Br\u00fcnnhilde to return the ring to the Rhinemaidens is a show-stopping highlight&#8230;<\/em><\/p>\n\n\n\n<div class=\"wp-block-kioken-advancedbtn kt-btn-align-center kt-btns-wrap kt-btns_4dfa4c-d0\"><div class=\"kt-btn-wrap kt-btn-wrap-0 \"><a class=\"kt-button kt-btn-0-action   kt-btn-svg-show-always kt-btn-has-text-true kt-btn-has-svg-false\" href=\"https:\/\/limelight-arts.com.au\/reviews\/der-ring-des-nibelungen-deutsche-oper-berlin\/\" target=\"_blank\" rel=\"noreferrer noopener\" style=\"font-size:16px;border-width:0px\"><span class=\"kt-btn-inner-text\">Read more<\/span><\/a><\/div><\/div>\n\n\n\n<div class=\"wp-block-kioken-spacer is-style-custom\" style=\"color:#999999;height:50px\"><div class=\"spacer-inner-wrap kt_d_flex kt_flex_aligncenter kt_flex_justifycenter\"><span class=\"spacer-line\" style=\"color:#999999;border-bottom-style:solid;border-bottom-width:2px\"><\/span><\/div><hr\/><\/div>\n\n\n\n<h4 class=\"wp-block-heading has-text-align-center\"><a href=\"https:\/\/operawire.com\/\">Opera Wire <\/a>by Tony Cooper<\/h4>\n\n\n\n<h5 class=\"wp-block-heading has-text-align-center\">Der Ring des Nibelungen<\/h5>\n\n\n\n<p style=\"text-align: center;\"><em>&#8230;But if there\u2019s anything in opera equivalent to the \u201cMan of the Match\u201d then the person who would get my vote <span data-contrast=\"auto\">is the German mezzo-soprano <\/span><\/em><em><a href=\"https:\/\/operawire.com\/?s=Annika+Schlicht\" data-cke-saved-href=\"https:\/\/operawire.com\/?s=Annika+Schlicht\">Annika Schlicht<\/a><\/em><em>, reprising the role of Fricka while also taking on the role of Waltraute in \u201cG\u00f6tterd\u00e4mmerung<span data-contrast=\"auto\">.\u201d Harbouring a rich, clear, articulated voice, she delivered a stunning and commanding performance. In fact, one of the best interpretations I\u2019ve ever encountered. <\/span><\/em><em>Brava!&#8230;<\/em><\/p>\n\n\n\n<div class=\"wp-block-kioken-advancedbtn kt-btn-align-center kt-btns-wrap kt-btns_2cfda4-61\"><div class=\"kt-btn-wrap kt-btn-wrap-0 \"><a class=\"kt-button kt-btn-0-action   kt-btn-svg-show-always kt-btn-has-text-true kt-btn-has-svg-false\" href=\"https:\/\/operawire.com\/deutsche-oper-berlin-2024-review-der-ring-des-nibelungen\/#google_vignette\" target=\"_blank\" rel=\"noreferrer noopener\" style=\"font-size:16px;border-width:0px\"><span class=\"kt-btn-inner-text\">Read more<\/span><\/a><\/div><\/div>\n\n\n\n<div class=\"wp-block-kioken-spacer is-style-custom\" style=\"color:#999999;height:50px\"><div class=\"spacer-inner-wrap kt_d_flex kt_flex_aligncenter kt_flex_justifycenter\"><span class=\"spacer-line\" style=\"color:#999999;border-bottom-style:solid;border-bottom-width:2px\"><\/span><\/div><hr\/><\/div>\n\n\n\n<h4 class=\"wp-block-heading has-text-align-center\">Cast:<\/h4>\n\n\n\n<table style=\"border-collapse: collapse; width: 99.7672%; height: 1276px;\">\n<tbody>\n<tr style=\"height: 22px;\">\n<td style=\"width: 50%; height: 22px; text-align: right; vertical-align: top;\">Conductor<\/td>\n<td style=\"width: 50%; height: 22px; text-align: left; vertical-align: top;\"><strong>Nicholas Carter<\/strong> (1. Zyklus) \/ <strong>Sir Donald Runnicles<\/strong><\/td>\n<td style=\"width: 0.77101%; height: 22px;\">\u00a0<\/td>\n<\/tr>\n<tr style=\"height: 22px;\">\n<td style=\"width: 50%; height: 22px; text-align: right; vertical-align: top;\">\n<div class=\"role\">Production, Set design<\/div>\n<\/td>\n<td style=\"width: 50%; height: 22px; text-align: left; vertical-align: top;\"><strong>Stefan Herheim<\/strong><\/td>\n<td style=\"width: 0.77101%; height: 22px;\">\u00a0<\/td>\n<\/tr>\n<tr style=\"height: 22px;\">\n<td style=\"width: 50%; height: 22px; text-align: right; vertical-align: top;\">\n<div class=\"role\">Set design<\/div>\n<\/td>\n<td style=\"width: 50%; height: 22px; text-align: left; vertical-align: top;\"><strong>Silke Bauer<\/strong><\/td>\n<td style=\"width: 0.77101%; height: 22px;\">\u00a0<\/td>\n<\/tr>\n<tr style=\"height: 22px;\">\n<td style=\"width: 50%; text-align: right; vertical-align: top; height: 22px;\">\n<div class=\"role\">Costume design<\/div>\n<\/td>\n<td style=\"width: 50%; text-align: left; vertical-align: top; height: 22px;\"><strong>Uta Heiseke<\/strong><\/td>\n<td style=\"width: 0.77101%; height: 22px;\">\u00a0<\/td>\n<\/tr>\n<tr style=\"height: 22px;\">\n<td style=\"width: 50%; text-align: right; vertical-align: top; height: 22px;\">Video<\/td>\n<td style=\"width: 50%; text-align: left; vertical-align: top; height: 22px;\"><strong>Torge M\u00f8ller<br \/><\/strong><\/td>\n<td style=\"width: 0.77101%; height: 22px;\">\u00a0<\/td>\n<\/tr>\n<tr style=\"height: 22px;\">\n<td style=\"width: 50%; text-align: right; vertical-align: top; height: 22px;\">Light design<\/td>\n<td style=\"width: 50%; height: 22px; text-align: left; vertical-align: top;\" data-label=\"Bahad\u00c4\u00b1r Hamdemir\"><strong>Ulrich Niepel<\/strong><\/td>\n<td style=\"width: 0.77101%; height: 22px;\">\u00a0<\/td>\n<\/tr>\n<tr style=\"height: 22px;\">\n<td style=\"width: 50%; height: 22px; text-align: right; vertical-align: top;\">Dramaturgy<\/td>\n<td style=\"width: 50%; height: 22px; text-align: left; vertical-align: top;\">\n<div class=\"person_wrapper\">\n<div class=\"person_wrapper\"><strong>Alexander Meier-D\u00f6rzenbach<\/strong><\/div>\n<div class=\"person_wrapper\"><strong>J\u00f6rg K\u00f6nigsdorf<\/strong><\/div>\n<\/div>\n<\/td>\n<td style=\"width: 0.77101%; height: 22px;\">\u00a0<\/td>\n<\/tr>\n<tr style=\"height: 22px;\">\n<td style=\"width: 50%; height: 22px; text-align: right; vertical-align: top;\">\n<div class=\"role\">Chorus Director<\/div>\n<\/td>\n<td style=\"width: 50%; height: 22px; text-align: left; vertical-align: top;\"><strong>Jeremy Bines<\/strong><\/td>\n<td style=\"width: 0.77101%; height: 22px;\">\u00a0<\/td>\n<\/tr>\n<tr style=\"height: 22px;\">\n<td style=\"width: 100%; text-align: right; vertical-align: top; height: 22px;\" colspan=\"2\">\u00a0<\/td>\n<td style=\"width: 0.77101%; height: 22px;\">\u00a0<\/td>\n<\/tr>\n<tr style=\"height: 22px;\">\n<td style=\"width: 100%; vertical-align: top; height: 22px; text-align: center;\" colspan=\"2\"><strong>DAS RHEINGOLD<br \/><\/strong><\/td>\n<td style=\"width: 0.77101%; height: 22px;\">\u00a0<\/td>\n<\/tr>\n<tr style=\"height: 22px;\">\n<td style=\"width: 50%; height: 22px; text-align: right; vertical-align: top;\">Wotan<\/td>\n<td style=\"width: 50%; height: 22px; text-align: left; vertical-align: top;\" data-label=\"Bryan Register\"><strong>Iain Paterson<\/strong><\/td>\n<td style=\"width: 0.77101%; height: 22px;\">\u00a0<\/td>\n<\/tr>\n<tr style=\"height: 22px;\">\n<td style=\"width: 50%; text-align: right; height: 22px; vertical-align: top;\" data-label=\"K\u00c3\u00b6nig Marke\">Donner<\/td>\n<td style=\"width: 50%; height: 22px; text-align: left; vertical-align: top;\" data-label=\"Dimitry Ivashchenko\"><strong>Thomas Lehman<\/strong><\/td>\n<td style=\"width: 0.77101%; height: 22px;\">\u00a0<\/td>\n<\/tr>\n<tr style=\"height: 22px;\">\n<td style=\"width: 50%; height: 22px; text-align: right; vertical-align: top;\">Froh<\/td>\n<td style=\"width: 50%; height: 22px; text-align: left; vertical-align: top;\"><strong>Attilio Glaser<\/strong><\/td>\n<td style=\"width: 0.77101%; height: 22px;\">\u00a0<\/td>\n<\/tr>\n<tr style=\"height: 22px;\">\n<td style=\"width: 50%; height: 22px; text-align: right; vertical-align: top;\">Loge<\/td>\n<td style=\"width: 50%; height: 22px; text-align: left; vertical-align: top;\"><strong>Thomas Blondelle<\/strong><\/td>\n<td style=\"width: 0.77101%; height: 22px;\">\u00a0<\/td>\n<\/tr>\n<tr style=\"height: 22px;\">\n<td style=\"width: 50%; height: 22px; text-align: right; vertical-align: top;\">Alberich<\/td>\n<td style=\"width: 50%; height: 22px; text-align: left; vertical-align: top;\"><strong>Jordan Shanahan<\/strong><\/td>\n<td style=\"width: 0.77101%; height: 22px;\">\u00a0<\/td>\n<\/tr>\n<tr style=\"height: 22px;\">\n<td style=\"width: 50%; height: 22px; text-align: right; vertical-align: top;\">Mime<\/td>\n<td style=\"width: 50%; height: 22px; text-align: left; vertical-align: top;\"><strong>Ya-Chung Huang<\/strong><\/td>\n<td style=\"width: 0.77101%; height: 22px;\">\u00a0<\/td>\n<\/tr>\n<tr style=\"height: 22px;\">\n<td style=\"width: 50%; text-align: right; vertical-align: top; height: 22px;\">Fasolt<\/td>\n<td style=\"width: 50%; text-align: left; vertical-align: top; height: 22px;\">\n<div class=\"person_wrapper\"><strong>Albert Pesendorfer<\/strong><\/div>\n<\/td>\n<td style=\"width: 0.77101%; height: 22px;\">\u00a0<\/td>\n<\/tr>\n<tr style=\"height: 22px;\">\n<td style=\"width: 50%; text-align: right; height: 22px; vertical-align: top;\" data-label=\"Ein Steuermann\">Fafner<\/td>\n<td style=\"width: 50%; height: 22px; text-align: left; vertical-align: top;\"><strong>Tobias Kehrer<\/strong><\/td>\n<td style=\"width: 0.77101%; height: 22px;\">\u00a0<\/td>\n<\/tr>\n<tr style=\"height: 22px;\">\n<td style=\"width: 50%; text-align: right; vertical-align: top; height: 22px;\">Fricka<\/td>\n<td style=\"width: 50%; text-align: left; vertical-align: top; height: 22px;\"><strong>Annika Schlicht<\/strong><\/td>\n<td style=\"width: 0.77101%; height: 22px;\">\u00a0<\/td>\n<\/tr>\n<tr style=\"height: 22px;\">\n<td style=\"width: 50%; text-align: right; vertical-align: top; height: 22px;\">Freia<\/td>\n<td style=\"width: 50%; text-align: left; vertical-align: top; height: 22px;\"><strong>Flurina Stucki<\/strong><\/td>\n<td style=\"width: 0.77101%; height: 22px;\">\u00a0<\/td>\n<\/tr>\n<tr style=\"height: 22px;\">\n<td style=\"width: 50%; text-align: right; vertical-align: top; height: 22px;\">Erda<\/td>\n<td style=\"width: 50%; text-align: left; vertical-align: top; height: 22px;\"><strong>Lindsay Ammann<\/strong><\/td>\n<td style=\"width: 0.77101%; height: 22px;\">\u00a0<\/td>\n<\/tr>\n<tr style=\"height: 22px;\">\n<td style=\"width: 50%; text-align: right; vertical-align: top; height: 22px;\">Woglinde<\/td>\n<td style=\"width: 50%; text-align: left; vertical-align: top; height: 22px;\"><strong>Lea-ann Dunbar<\/strong><\/td>\n<td style=\"width: 0.77101%; height: 22px;\">\u00a0<\/td>\n<\/tr>\n<tr style=\"height: 22px;\">\n<td style=\"width: 50%; text-align: right; vertical-align: top; height: 22px;\">Wellgunde<\/td>\n<td style=\"width: 50%; text-align: left; vertical-align: top; height: 22px;\"><strong>Arianna Manganello<\/strong><\/td>\n<td style=\"width: 0.77101%; height: 22px;\">\u00a0<\/td>\n<\/tr>\n<tr style=\"height: 22px;\">\n<td style=\"width: 50%; text-align: right; vertical-align: top; height: 22px;\">Flosshilde<\/td>\n<td style=\"width: 50%; text-align: left; vertical-align: top; height: 22px;\"><strong>Karis Tucker<\/strong><\/td>\n<td style=\"width: 0.77101%; height: 22px;\">\u00a0<\/td>\n<\/tr>\n<tr style=\"height: 22px;\">\n<td style=\"width: 100%; text-align: right; height: 22px;\" colspan=\"2\">\u00a0<\/td>\n<td style=\"width: 0.77101%; height: 22px;\">\u00a0<\/td>\n<\/tr>\n<tr style=\"height: 22px;\">\n<td style=\"width: 100%; text-align: center; height: 22px;\" colspan=\"2\"><strong>DIE WALK\u00dcRE<br \/><\/strong><\/td>\n<td style=\"width: 0.77101%; height: 22px;\">\u00a0<\/td>\n<\/tr>\n<tr style=\"height: 22px;\">\n<td style=\"width: 50%; text-align: right; height: 22px;\">Siegmund<\/td>\n<td style=\"width: 50%; text-align: left; vertical-align: top; height: 22px;\"><strong>Daniel Frank<\/strong><\/td>\n<td style=\"width: 0.77101%; height: 22px;\">\u00a0<\/td>\n<\/tr>\n<tr style=\"height: 22px;\">\n<td style=\"width: 50%; text-align: right; height: 22px;\">Hunding<\/td>\n<td style=\"width: 50%; text-align: left; vertical-align: top; height: 22px;\"><strong>Tobias Kehrer<\/strong><\/td>\n<td style=\"width: 0.77101%; height: 22px;\">\u00a0<\/td>\n<\/tr>\n<tr style=\"height: 22px;\">\n<td style=\"width: 50%; text-align: right; height: 22px;\">Wotan<\/td>\n<td style=\"width: 50%; text-align: left; vertical-align: top; height: 22px;\"><strong>Derek Welton<\/strong><\/td>\n<td style=\"width: 0.77101%; height: 22px;\">\u00a0<\/td>\n<\/tr>\n<tr style=\"height: 22px;\">\n<td style=\"width: 50%; text-align: right; height: 22px;\">Sieglinde<\/td>\n<td style=\"width: 50%; text-align: left; vertical-align: top; height: 22px;\"><strong>Daniela K\u00f6hler<\/strong><\/td>\n<td style=\"width: 0.77101%; height: 22px;\">\u00a0<\/td>\n<\/tr>\n<tr style=\"height: 22px;\">\n<td style=\"width: 50%; text-align: right; height: 22px;\">Fricka<\/td>\n<td style=\"width: 50%; text-align: left; vertical-align: top; height: 22px;\"><strong>Annika Schlicht<\/strong><\/td>\n<td style=\"width: 0.77101%; height: 22px;\">\u00a0<\/td>\n<\/tr>\n<tr style=\"height: 22px;\">\n<td style=\"width: 50%; text-align: right; height: 22px;\">Br\u00fcnnhilde<\/td>\n<td style=\"width: 50%; text-align: left; vertical-align: top; height: 22px;\"><strong>Ricarda Merbeth<\/strong><\/td>\n<td style=\"width: 0.77101%; height: 22px;\">\u00a0<\/td>\n<\/tr>\n<tr style=\"height: 22px;\">\n<td style=\"width: 50%; text-align: right; height: 22px;\">\n<div class=\"role\">Helmwige<\/div>\n<\/td>\n<td style=\"width: 50%; text-align: left; vertical-align: top; height: 22px;\"><strong>Flurina Stucki<\/strong><\/td>\n<td style=\"width: 0.77101%; height: 22px;\">\u00a0<\/td>\n<\/tr>\n<tr style=\"height: 22px;\">\n<td style=\"width: 50%; text-align: right; height: 22px;\">Gerhilde<\/td>\n<td style=\"width: 50%; text-align: left; vertical-align: top; height: 22px;\"><strong>Felicia Moore<\/strong><\/td>\n<td style=\"width: 0.77101%; height: 22px;\">\u00a0<\/td>\n<\/tr>\n<tr style=\"height: 22px;\">\n<td style=\"width: 50%; text-align: right; height: 22px;\">Ortlinde<\/td>\n<td style=\"width: 50%; text-align: left; vertical-align: top; height: 22px;\"><strong>Maria Motolygina<\/strong><\/td>\n<td style=\"width: 0.77101%; height: 22px;\">\u00a0<\/td>\n<\/tr>\n<tr style=\"height: 22px;\">\n<td style=\"width: 50%; text-align: right; height: 22px;\">Waltraute<\/td>\n<td style=\"width: 50%; text-align: left; vertical-align: top; height: 22px;\"><strong>Elissa Pfaender<\/strong><\/td>\n<td style=\"width: 0.77101%; height: 22px;\">\u00a0<\/td>\n<\/tr>\n<tr style=\"height: 22px;\">\n<td style=\"width: 50%; text-align: right; height: 22px;\">Siegrune<\/td>\n<td style=\"width: 50%; text-align: left; vertical-align: top; height: 22px;\"><strong>Arianna Manganello<\/strong><\/td>\n<td style=\"width: 0.77101%; height: 22px;\">\u00a0<\/td>\n<\/tr>\n<tr style=\"height: 22px;\">\n<td style=\"width: 50%; text-align: right; height: 22px;\">Ro\u00dfwei\u00dfe<\/td>\n<td style=\"width: 50%; text-align: left; vertical-align: top; height: 22px;\"><strong>Karis Tucker<\/strong><\/td>\n<td style=\"width: 0.77101%; height: 22px;\">\u00a0<\/td>\n<\/tr>\n<tr style=\"height: 22px;\">\n<td style=\"width: 50%; text-align: right; height: 22px;\">Grimgerde<\/td>\n<td style=\"width: 50%; text-align: left; vertical-align: top; height: 22px;\">\n<div class=\"person_wrapper\"><strong>Nicole Piccolomini<\/strong><\/div>\n<\/td>\n<td style=\"width: 0.77101%; height: 22px;\">\u00a0<\/td>\n<\/tr>\n<tr style=\"height: 22px;\">\n<td style=\"width: 50%; text-align: right; height: 22px;\">Schwertleite<\/td>\n<td style=\"width: 50%; text-align: left; vertical-align: top; height: 22px;\">\n<div class=\"person_wrapper\"><strong>Lauren Decker<\/strong><\/div>\n<\/td>\n<td style=\"width: 0.77101%; height: 22px;\">\u00a0<\/td>\n<\/tr>\n<tr style=\"height: 22px;\">\n<td style=\"width: 50%; text-align: right; height: 22px;\">Hundingling<\/td>\n<td style=\"width: 50%; text-align: left; vertical-align: top; height: 22px;\"><strong>Eric Naumann<\/strong><\/td>\n<td style=\"width: 0.77101%; height: 22px;\">\u00a0<\/td>\n<\/tr>\n<tr style=\"height: 22px;\">\n<td style=\"width: 100%; text-align: right; height: 22px;\" colspan=\"2\">\u00a0<\/td>\n<td style=\"width: 0.77101%; height: 22px;\">\u00a0<\/td>\n<\/tr>\n<tr style=\"height: 22px;\">\n<td style=\"width: 100%; height: 22px; text-align: center;\" colspan=\"2\"><strong>G\u00d6TTERD\u00c4MMERUNG<\/strong><\/td>\n<td style=\"width: 0.77101%; height: 22px;\">\u00a0<\/td>\n<\/tr>\n<tr style=\"height: 22px;\">\n<td style=\"width: 50%; text-align: right; height: 22px;\">Siegfried<\/td>\n<td style=\"width: 50%; text-align: left; vertical-align: top; height: 22px;\"><strong>Clay Hilley<\/strong><\/td>\n<td style=\"width: 0.77101%; height: 22px;\">\u00a0<\/td>\n<\/tr>\n<tr style=\"height: 22px;\">\n<td style=\"width: 50%; text-align: right; height: 22px;\">Gunther<\/td>\n<td style=\"width: 50%; text-align: left; vertical-align: top; height: 22px;\"><strong>Thomas Lehman<\/strong><\/td>\n<td style=\"width: 0.77101%; height: 22px;\">\u00a0<\/td>\n<\/tr>\n<tr style=\"height: 22px;\">\n<td style=\"width: 50%; text-align: right; height: 22px;\">Alberich<\/td>\n<td style=\"width: 50%; text-align: left; vertical-align: top; height: 22px;\"><strong>Jordan Shanahan<\/strong><\/td>\n<td style=\"width: 0.77101%; height: 22px;\">\u00a0<\/td>\n<\/tr>\n<tr style=\"height: 22px;\">\n<td style=\"width: 50%; text-align: right; height: 22px;\">Hagen<\/td>\n<td style=\"width: 50%; text-align: left; vertical-align: top; height: 22px;\"><strong>Albert Pesendorfer<\/strong><\/td>\n<td style=\"width: 0.77101%; height: 22px;\">\u00a0<\/td>\n<\/tr>\n<tr style=\"height: 22px;\">\n<td style=\"width: 50%; text-align: right; height: 22px;\">Br\u00fcnnhilde<\/td>\n<td style=\"width: 50%; text-align: left; vertical-align: top; height: 22px;\"><strong>Ricarda Merbeth<\/strong><\/td>\n<td style=\"width: 0.77101%; height: 22px;\">\u00a0<\/td>\n<\/tr>\n<tr style=\"height: 22px;\">\n<td style=\"width: 50%; text-align: right; height: 22px;\">Gutrune<\/td>\n<td style=\"width: 50%; text-align: left; vertical-align: top; height: 22px;\"><strong>Felicia Moore<\/strong><\/td>\n<td style=\"width: 0.77101%; height: 22px;\">\u00a0<\/td>\n<\/tr>\n<tr style=\"height: 22px;\">\n<td style=\"width: 50%; text-align: right; height: 22px;\">Waltraute<\/td>\n<td style=\"width: 50%; text-align: left; vertical-align: top; height: 22px;\"><strong>Annika Schlicht<\/strong><\/td>\n<td style=\"width: 0.77101%; height: 22px;\">\u00a0<\/td>\n<\/tr>\n<tr style=\"height: 22px;\">\n<td style=\"width: 50%; text-align: right; height: 22px;\">\n<div class=\"role\">Erste Norn<\/div>\n<\/td>\n<td style=\"width: 50%; text-align: left; vertical-align: top; height: 22px;\"><strong>Lindsay Ammann<\/strong><\/td>\n<td style=\"width: 0.77101%; height: 22px;\">\u00a0<\/td>\n<\/tr>\n<tr style=\"height: 22px;\">\n<td style=\"width: 50%; text-align: right; height: 22px;\">\n<div class=\"role\">Zweite Norn<\/div>\n<\/td>\n<td style=\"width: 50%; text-align: left; vertical-align: top; height: 22px;\"><strong>Karis Tucker<\/strong><\/td>\n<td style=\"width: 0.77101%; height: 22px;\">\u00a0<\/td>\n<\/tr>\n<tr style=\"height: 22px;\">\n<td style=\"width: 50%; text-align: right; height: 22px;\">La Ciesca<\/td>\n<td style=\"width: 50%; text-align: left; vertical-align: top; height: 22px;\">\n<div class=\"role\"><strong>Dritte Norn<\/strong><\/div>\n<\/td>\n<td style=\"width: 0.77101%; height: 22px;\">\u00a0<\/td>\n<\/tr>\n<tr style=\"height: 22px;\">\n<td style=\"width: 50%; text-align: right; height: 22px;\">\n<div class=\"role\">Woglinde<\/div>\n<\/td>\n<td style=\"width: 50%; text-align: left; vertical-align: top; height: 22px;\"><strong>Lea-ann Dunbar<\/strong><\/td>\n<td style=\"width: 0.77101%; height: 22px;\">\u00a0<\/td>\n<\/tr>\n<tr style=\"height: 22px;\">\n<td style=\"width: 50%; text-align: right; height: 22px;\">Wellgunde<\/td>\n<td style=\"width: 50%; text-align: left; vertical-align: top; height: 22px;\"><strong>Karis Tucker<\/strong><\/td>\n<td style=\"width: 0.77101%; height: 22px;\">\u00a0<\/td>\n<\/tr>\n<tr style=\"height: 22px;\">\n<td style=\"width: 50%; text-align: right; height: 22px;\">Flo\u00dfhilde<\/td>\n<td style=\"width: 50%; text-align: left; vertical-align: top; height: 22px;\"><strong>Lindsay Ammann<\/strong><\/td>\n<td style=\"width: 0.77101%; height: 22px;\">\u00a0<\/td>\n<\/tr>\n<tr style=\"height: 22px;\">\n<td style=\"width: 100%; text-align: center; height: 22px; vertical-align: top;\" colspan=\"2\" data-label=\"Philharmonisches Orchester\"><strong>Orchester der Deutschen Oper Berlin<\/strong><\/td>\n<td style=\"width: 0.77101%; height: 22px;\">\u00a0<\/td>\n<\/tr>\n<tr style=\"height: 22px;\">\n<td style=\"height: 22px; text-align: center; vertical-align: top; width: 100%;\" colspan=\"2\"><strong>Chor der Deutschen Oper Berlin<\/strong><\/td>\n<td style=\"width: 0.77101%; height: 22px;\">\u00a0<\/td>\n<\/tr>\n<\/tbody>\n<\/table>\n","protected":false},"excerpt":{"rendered":"<p>[English] 3 ring cycles from May 12 to June 2, 2024 Here are the most relevant quotes from reviews in the German and international press.This selection does not claim to be complete.<\/p>\n","protected":false},"author":3,"featured_media":82781,"comment_status":"closed","ping_status":"closed","sticky":false,"template":"","format":"standard","meta":{"kk_blocks_editor_width":"","_kiokenblocks_attr":"","_kiokenblocks_dimensions":"","footnotes":""},"categories":[610,6983],"tags":[],"class_list":["post-106936","post","type-post","status-publish","format-standard","has-post-thumbnail","hentry","category-reviews","category-reviews-annika-schlicht"],"_links":{"self":[{"href":"https:\/\/agentur-seifert.de\/en\/wp-json\/wp\/v2\/posts\/106936","targetHints":{"allow":["GET"]}}],"collection":[{"href":"https:\/\/agentur-seifert.de\/en\/wp-json\/wp\/v2\/posts"}],"about":[{"href":"https:\/\/agentur-seifert.de\/en\/wp-json\/wp\/v2\/types\/post"}],"author":[{"embeddable":true,"href":"https:\/\/agentur-seifert.de\/en\/wp-json\/wp\/v2\/users\/3"}],"replies":[{"embeddable":true,"href":"https:\/\/agentur-seifert.de\/en\/wp-json\/wp\/v2\/comments?post=106936"}],"version-history":[{"count":6,"href":"https:\/\/agentur-seifert.de\/en\/wp-json\/wp\/v2\/posts\/106936\/revisions"}],"predecessor-version":[{"id":106959,"href":"https:\/\/agentur-seifert.de\/en\/wp-json\/wp\/v2\/posts\/106936\/revisions\/106959"}],"wp:featuredmedia":[{"embeddable":true,"href":"https:\/\/agentur-seifert.de\/en\/wp-json\/wp\/v2\/media\/82781"}],"wp:attachment":[{"href":"https:\/\/agentur-seifert.de\/en\/wp-json\/wp\/v2\/media?parent=106936"}],"wp:term":[{"taxonomy":"category","embeddable":true,"href":"https:\/\/agentur-seifert.de\/en\/wp-json\/wp\/v2\/categories?post=106936"},{"taxonomy":"post_tag","embeddable":true,"href":"https:\/\/agentur-seifert.de\/en\/wp-json\/wp\/v2\/tags?post=106936"}],"curies":[{"name":"wp","href":"https:\/\/api.w.org\/{rel}","templated":true}]}}