{"id":106854,"date":"2024-01-05T18:00:01","date_gmt":"2024-01-05T17:00:01","guid":{"rendered":"https:\/\/agentur-seifert.de\/?p=106854"},"modified":"2024-05-22T18:46:46","modified_gmt":"2024-05-22T16:46:46","slug":"die-schweigsame-frau-premiere-badisches-staatstheater-karlsruhe-reviews","status":"publish","type":"post","link":"https:\/\/agentur-seifert.de\/en\/die-schweigsame-frau-premiere-badisches-staatstheater-karlsruhe-reviews\/","title":{"rendered":"DIE SCHWEIGSAME FRAU (PREMIERE) &#8211; BADISCHES STAATSTHEATER KARLSRUHE (REVIEWS)"},"content":{"rendered":"\n<hr class=\"wp-block-separator has-alpha-channel-opacity\"\/>\n\n\n\n<h5 class=\"wp-block-heading has-text-align-center\">Premiere on December 9th, 2023<\/h5>\n\n\n\n<hr class=\"wp-block-separator has-alpha-channel-opacity\"\/>\n\n\n\n<p style=\"text-align: center;\"><span style=\"color: #dd1616;\"><em>Here are the most relevant quotes from reviews in the German and international press.<br \/>This selection does not claim to be complete.<\/em><\/span><\/p>\n\n\n\n<hr class=\"wp-block-separator has-alpha-channel-opacity\"\/>\n\n\n\n<!--more-->\n\n\n\n<div class=\"wp-block-group alignfull has-background-background-color has-background\" style=\"margin-top:0;margin-bottom:0;padding-top:var(--wp--preset--spacing--60);padding-right:var(--wp--preset--spacing--30);padding-bottom:var(--wp--preset--spacing--60);padding-left:var(--wp--preset--spacing--30)\"><div class=\"wp-block-group__inner-container is-layout-constrained wp-container-core-group-is-layout-392eb801 wp-block-group-is-layout-constrained\">\n<h4 class=\"wp-block-heading has-text-align-center\"><a href=\"https:\/\/cult.news\/\" target=\"_blank\" rel=\"noreferrer noopener\">cult.news<\/a> by Helene Adam<\/h4>\n\n\n\n<div style=\"height:15px\" aria-hidden=\"true\" class=\"wp-block-spacer\"><\/div>\n\n\n\n<h6 class=\"wp-block-heading has-text-align-center\">Karlsruhe : le rare \u00ab die Schweigsame Frau \u00bb de Strauss et Zweig, brillamment mis en sc\u00e8ne par Mariame Cl\u00e9ment.<\/h6>\n\n\n\n<p class=\"has-text-align-center\" style=\"margin-top:16px\">\u2026<em>La basse allemande, professeur de la Haute Ecole de Musique de Karlsruhe, Friedemann R\u00f6hlig, incarne un Sir Morosus absolument parfait\u00a0: vieillard acari\u00e2tre qui ne supporte aucun d\u00e9sagr\u00e9ment et martyrise sa gouvernante,<\/em>\u2026<\/p>\n\n\n\n<div class=\"wp-block-buttons is-content-justification-center is-layout-flex wp-container-core-buttons-is-layout-a0be7b9c wp-block-buttons-is-layout-flex\" style=\"margin-top:var(--wp--preset--spacing--40)\">\n<div class=\"wp-block-button is-style-fill\"><a class=\"wp-block-button__link has-vivid-red-background-color has-background wp-element-button\" href=\"https:\/\/cult.news\/scenes\/karlsruhe-le-rare-die-schweigsame-frau-de-strauss-et-zweig-brillamment-mis-en-scene-par-mariame-clement\/\" target=\"_blank\" rel=\"noreferrer noopener\">READ MORE<\/a><\/div>\n<\/div>\n\n\n\n<div class=\"wp-block-kioken-spacer is-animated is-style-custom\" style=\"color:#999999;height:50px\"><div class=\"spacer-inner-wrap kt_d_flex kt_flex_aligncenter kt_flex_justifycenter\"><span class=\"spacer-line\" style=\"color:#999999;border-bottom-style:solid;border-bottom-width:2px\"><\/span><\/div><hr\/><\/div>\n\n\n\n<h4 class=\"wp-block-heading has-text-align-center\"><a href=\"https:\/\/deropernfreund.de\/\" target=\"_blank\" rel=\"noreferrer noopener\">Der Opernfreund<\/a> by Ludwig Steinbach<\/h4>\n\n\n\n<div style=\"height:15px\" aria-hidden=\"true\" class=\"wp-block-spacer\"><\/div>\n\n\n\n<h6 class=\"wp-block-heading has-text-align-center\">Karlsruhe: \u201eDie schweigsame Frau\u201c, Richard\u00a0Strauss<\/h6>\n\n\n\n<div style=\"height:15px\" aria-hidden=\"true\" class=\"wp-block-spacer\"><\/div>\n\n\n\n<p class=\"has-text-align-center\" style=\"margin-top:16px\"><em><em>\u2026Mit in jeder Lage warmem, sonorem und gut gest\u00fctztem hellem Bass sowie intensiver Darstellung sang und spielte sich\u00a0<strong>Friedemann R\u00f6hlig<\/strong>\u00a0in die Herzen des Publikums, das ihm am Ende begeisterten Beifall spendete\u2026<\/em><\/em><\/p>\n\n\n\n<div class=\"wp-block-buttons is-content-justification-center is-layout-flex wp-container-core-buttons-is-layout-a0be7b9c wp-block-buttons-is-layout-flex\" style=\"margin-top:var(--wp--preset--spacing--40)\">\n<div class=\"wp-block-button is-style-fill\"><a class=\"wp-block-button__link has-vivid-red-background-color has-background wp-element-button\" href=\"https:\/\/deropernfreund.de\/badisches-staatstheater-karlsruhe\/karlsruhe-die-schweigsame-frau-richard-strauss\/\" target=\"_blank\" rel=\"noreferrer noopener\">READ MORE<\/a><\/div>\n<\/div>\n\n\n\n<div class=\"wp-block-kioken-spacer is-animated is-style-custom\" style=\"color:#999999;height:50px\"><div class=\"spacer-inner-wrap kt_d_flex kt_flex_aligncenter kt_flex_justifycenter\"><span class=\"spacer-line\" style=\"color:#999999;border-bottom-style:solid;border-bottom-width:2px\"><\/span><\/div><hr\/><\/div>\n\n\n\n<h4 class=\"wp-block-heading has-text-align-center\"><a href=\"https:\/\/www.fr.de\/\" target=\"_blank\" rel=\"noreferrer noopener\">Frankfurter Rundschau<\/a> by Judith von Sternburg<\/h4>\n\n\n\n<div style=\"height:15px\" aria-hidden=\"true\" class=\"wp-block-spacer\"><\/div>\n\n\n\n<h6 class=\"wp-block-heading has-text-align-center\">\u201eDie schweigsame Frau\u201c in Karlsruhe \u2013 Dieser L\u00e4rm, der Oper hei\u00dft<\/h6>\n\n\n\n<div style=\"height:15px\" aria-hidden=\"true\" class=\"wp-block-spacer\"><\/div>\n\n\n\n<p class=\"has-text-align-center\">\u2026<em>Friedemann R\u00f6hlig, kein direkt schwarzer, aber ein pr\u00e4chtiger Bass, ist ein \u00fcberzeugender, agiler Morosus.<\/em>..<\/p>\n\n\n\n<div class=\"wp-block-buttons is-content-justification-center is-layout-flex wp-container-core-buttons-is-layout-a0be7b9c wp-block-buttons-is-layout-flex\" style=\"margin-top:var(--wp--preset--spacing--40)\">\n<div class=\"wp-block-button is-style-fill\"><a class=\"wp-block-button__link has-vivid-red-background-color has-background wp-element-button\" href=\"https:\/\/www.fr.de\/kultur\/theater\/die-schweigsame-frau-in-karlsruhe-dieser-laerm-der-oper-heisst-92728898.html\" target=\"_blank\" rel=\"noreferrer noopener\">READ MORE<\/a><\/div>\n<\/div>\n\n\n\n<div style=\"height:15px\" aria-hidden=\"true\" class=\"wp-block-spacer\"><\/div>\n\n\n\n<div class=\"wp-block-kioken-spacer is-animated is-style-custom\" style=\"color:#999999;height:50px\"><div class=\"spacer-inner-wrap kt_d_flex kt_flex_aligncenter kt_flex_justifycenter\"><span class=\"spacer-line\" style=\"color:#999999;border-bottom-style:solid;border-bottom-width:2px\"><\/span><\/div><hr\/><\/div>\n\n\n\n<h4 class=\"wp-block-heading has-text-align-center\"><a href=\"https:\/\/onlinemerker.com\/\" target=\"_blank\" rel=\"noreferrer noopener\">Online Merker<\/a> by Udo Klebes<\/h4>\n\n\n\n<div style=\"height:15px\" aria-hidden=\"true\" class=\"wp-block-spacer\"><\/div>\n\n\n\n<h6 class=\"wp-block-heading has-text-align-center\">Badisches Staatstheater: \u201eDIE SCHWEIGSAME FRAU\u201c \u2013 Maskerade im Breitwand-Blick<\/h6>\n\n\n\n<p class=\"has-text-align-center\"><em><em>\u2026<strong>Friedemann R\u00f6hlig\u00a0<\/strong>vermag sie nicht nur hier mit pr\u00e4senter Pers\u00f6nlichkeit, schauspielerischer Sensibilit\u00e4t und vor allem einem raumgreifenden Bass mit anst\u00e4ndiger Tiefe, substanzvoller Mittellage und nicht \u00fcberstrapaziert wirkender H\u00f6he durchg\u00e4ngig zu f\u00fcllen und den Charakter des Gepeinigten, der zuletzt \u00fcber sich selbst lachen kann, mit teils ber\u00fchrender Menschlichkeit zu erfassen\u2026<\/em><\/em><\/p>\n\n\n\n<div class=\"wp-block-buttons is-content-justification-center is-layout-flex wp-container-core-buttons-is-layout-a0be7b9c wp-block-buttons-is-layout-flex\" style=\"margin-top:var(--wp--preset--spacing--40)\">\n<div class=\"wp-block-button is-style-fill\"><a class=\"wp-block-button__link has-vivid-red-background-color has-background wp-element-button\" href=\"https:\/\/onlinemerker.com\/karlsruhe-badisches-staatstheater-die-schweigsame-frau-maskerade-im-breitwand-blick\/\" target=\"_blank\" rel=\"noreferrer noopener\">READ MORE<\/a><\/div>\n<\/div>\n\n\n\n<div class=\"wp-block-kioken-spacer is-animated is-style-custom\" style=\"color:#999999;height:50px\"><div class=\"spacer-inner-wrap kt_d_flex kt_flex_aligncenter kt_flex_justifycenter\"><span class=\"spacer-line\" style=\"color:#999999;border-bottom-style:solid;border-bottom-width:2px\"><\/span><\/div><hr\/><\/div>\n\n\n\n<div style=\"height:15px\" aria-hidden=\"true\" class=\"wp-block-spacer\"><\/div>\n\n\n\n<h4 class=\"wp-block-heading has-text-align-center\">Cast:<\/h4>\n<\/div><\/div>\n\n\n\n<figure class=\"wp-block-table aligncenter is-style-stripes\"><table><tbody><tr><td class=\"has-text-align-right\" data-align=\"right\">Musikalische Leitung<\/td><td class=\"has-text-align-left\" data-align=\"left\"><strong>Georg Fritzsch<\/strong><\/td><\/tr><tr><td class=\"has-text-align-right\" data-align=\"right\">Staging<\/td><td class=\"has-text-align-left\" data-align=\"left\"><strong>Mariame <strong>Cl\u00e9ment<\/strong><\/strong><\/td><\/tr><tr><td class=\"has-text-align-right\" data-align=\"right\">Equipment<\/td><td class=\"has-text-align-left\" data-align=\"left\"><strong>Julia Hansen<\/strong><\/td><\/tr><tr><td class=\"has-text-align-right\" data-align=\"right\">Lighting design<\/td><td class=\"has-text-align-left\" data-align=\"left\"><strong>Stefan Woinke<\/strong><\/td><\/tr><tr><td class=\"has-text-align-right\" data-align=\"right\">Dramaturgy<\/td><td class=\"has-text-align-left\" data-align=\"left\"><strong>Florian <strong>K\u00f6fler<\/strong><\/strong><\/td><\/tr><tr><td class=\"has-text-align-right\" data-align=\"right\">Chorus Master<\/td><td class=\"has-text-align-left\" data-align=\"left\"><strong>Ulrich Wagner<\/strong><\/td><\/tr><tr><td class=\"has-text-align-right\" data-align=\"right\"><\/td><td class=\"has-text-align-left\" data-align=\"left\"><\/td><\/tr><tr><td class=\"has-text-align-right\" data-align=\"right\">Sir Morosus<\/td><td class=\"has-text-align-left\" data-align=\"left\"><strong>Friedemann <strong>R\u00f6hlig<\/strong><\/strong><\/td><\/tr><tr><td class=\"has-text-align-right\" data-align=\"right\">Haush\u00e4lterin<\/td><td class=\"has-text-align-left\" data-align=\"left\"><strong>Christina Niessen<\/strong><\/td><\/tr><tr><td class=\"has-text-align-right\" data-align=\"right\">Der Barbier<\/td><td class=\"has-text-align-left\" data-align=\"left\"><strong>Tomohiro Takada<\/strong><\/td><\/tr><tr><td class=\"has-text-align-right\" data-align=\"right\">Henry Morosus<\/td><td class=\"has-text-align-left\" data-align=\"left\"><strong>Eleazar Rodriguez<\/strong><\/td><\/tr><tr><td class=\"has-text-align-right\" data-align=\"right\">Aminta<\/td><td class=\"has-text-align-left\" data-align=\"left\"><strong>Danae Kontora<\/strong><\/td><\/tr><tr><td class=\"has-text-align-right\" data-align=\"right\">lsotta<\/td><td class=\"has-text-align-left\" data-align=\"left\"><strong>Henriette Schein<\/strong><\/td><\/tr><tr><td class=\"has-text-align-right\" data-align=\"right\">Carlotta<\/td><td class=\"has-text-align-left\" data-align=\"left\"><strong>Florence Losseau<\/strong><\/td><\/tr><tr><td class=\"has-text-align-right\" data-align=\"right\">Morbio<\/td><td class=\"has-text-align-left\" data-align=\"left\"><strong>Konstantin Ingenpass<\/strong><\/td><\/tr><tr><td class=\"has-text-align-right\" data-align=\"right\">Vanuzzi<\/td><td class=\"has-text-align-left\" data-align=\"left\"><strong>Renatus <strong>M\u00e9sz\u00e1r<\/strong><\/strong><\/td><\/tr><tr><td class=\"has-text-align-right\" data-align=\"right\">Farfallo<\/td><td class=\"has-text-align-left\" data-align=\"left\"><strong>Gabriel Fortunas<\/strong><\/td><\/tr><tr><td class=\"has-text-align-right\" data-align=\"right\">Operntruppe<\/td><td class=\"has-text-align-left\" data-align=\"left\"><strong>Arno Deparade<\/strong><\/td><\/tr><tr><td class=\"has-text-align-right\" data-align=\"right\"><\/td><td class=\"has-text-align-left\" data-align=\"left\"><strong>Harrie van der Plas<\/strong><\/td><\/tr><tr><td class=\"has-text-align-right\" data-align=\"right\"><\/td><td class=\"has-text-align-left\" data-align=\"left\"><strong><strong>Andr\u00e9<\/strong> Post<\/strong><\/td><\/tr><tr><td class=\"has-text-align-right\" data-align=\"right\"><\/td><td class=\"has-text-align-left\" data-align=\"left\"><strong>Dimitrijus Polesciukas<\/strong><\/td><\/tr><tr><td class=\"has-text-align-right\" data-align=\"right\"><\/td><td class=\"has-text-align-left\" data-align=\"left\"><strong>Manuel Oswald<\/strong><\/td><\/tr><tr><td class=\"has-text-align-right\" data-align=\"right\"><\/td><td class=\"has-text-align-left\" data-align=\"left\"><strong>Edgars Skarbulis<\/strong><\/td><\/tr><tr><td class=\"has-text-align-right\" data-align=\"right\"><\/td><td class=\"has-text-align-left\" data-align=\"left\"><strong>Sean Webster<\/strong><\/td><\/tr><tr><td class=\"has-text-align-right\" data-align=\"right\"><\/td><td class=\"has-text-align-left\" data-align=\"left\"><strong>Lukasz Ziolkiewicz<\/strong><\/td><\/tr><tr><td class=\"has-text-align-right\" data-align=\"right\"><\/td><td class=\"has-text-align-left\" data-align=\"left\"><strong>STAATSOPERNCHOR<\/strong><\/td><\/tr><tr><td class=\"has-text-align-right\" data-align=\"right\"><\/td><td class=\"has-text-align-left\" data-align=\"left\"><strong>STAATSKAPELLE<\/strong><\/td><\/tr><\/tbody><\/table><\/figure>\n","protected":false},"excerpt":{"rendered":"<p>Premiere on December 9th, 2023 Here are the most relevant quotes from reviews in the German and international press.This selection does not claim to be complete.<\/p>\n","protected":false},"author":3,"featured_media":101743,"comment_status":"closed","ping_status":"closed","sticky":false,"template":"","format":"standard","meta":{"kk_blocks_editor_width":"","_kiokenblocks_attr":"","_kiokenblocks_dimensions":"","footnotes":""},"categories":[610,8021],"tags":[],"class_list":["post-106854","post","type-post","status-publish","format-standard","has-post-thumbnail","hentry","category-reviews","category-reviews-friedemann-roehlig"],"_links":{"self":[{"href":"https:\/\/agentur-seifert.de\/en\/wp-json\/wp\/v2\/posts\/106854","targetHints":{"allow":["GET"]}}],"collection":[{"href":"https:\/\/agentur-seifert.de\/en\/wp-json\/wp\/v2\/posts"}],"about":[{"href":"https:\/\/agentur-seifert.de\/en\/wp-json\/wp\/v2\/types\/post"}],"author":[{"embeddable":true,"href":"https:\/\/agentur-seifert.de\/en\/wp-json\/wp\/v2\/users\/3"}],"replies":[{"embeddable":true,"href":"https:\/\/agentur-seifert.de\/en\/wp-json\/wp\/v2\/comments?post=106854"}],"version-history":[{"count":2,"href":"https:\/\/agentur-seifert.de\/en\/wp-json\/wp\/v2\/posts\/106854\/revisions"}],"predecessor-version":[{"id":106856,"href":"https:\/\/agentur-seifert.de\/en\/wp-json\/wp\/v2\/posts\/106854\/revisions\/106856"}],"wp:featuredmedia":[{"embeddable":true,"href":"https:\/\/agentur-seifert.de\/en\/wp-json\/wp\/v2\/media\/101743"}],"wp:attachment":[{"href":"https:\/\/agentur-seifert.de\/en\/wp-json\/wp\/v2\/media?parent=106854"}],"wp:term":[{"taxonomy":"category","embeddable":true,"href":"https:\/\/agentur-seifert.de\/en\/wp-json\/wp\/v2\/categories?post=106854"},{"taxonomy":"post_tag","embeddable":true,"href":"https:\/\/agentur-seifert.de\/en\/wp-json\/wp\/v2\/tags?post=106854"}],"curies":[{"name":"wp","href":"https:\/\/api.w.org\/{rel}","templated":true}]}}