{"id":106746,"date":"2024-05-08T15:00:00","date_gmt":"2024-05-08T13:00:00","guid":{"rendered":"https:\/\/agentur-seifert.de\/?p=106746"},"modified":"2024-05-08T15:13:11","modified_gmt":"2024-05-08T13:13:11","slug":"intermezzo-premiere-deutsche-oper-berlin-reviews","status":"publish","type":"post","link":"https:\/\/agentur-seifert.de\/en\/intermezzo-premiere-deutsche-oper-berlin-reviews\/","title":{"rendered":"INTERMEZZO (PREMIERE) &#8211; DEUTSCHE OPER BERLIN (REVIEWS)"},"content":{"rendered":"\n<hr class=\"wp-block-separator has-alpha-channel-opacity\"\/>\n\n\n\n<h5 class=\"wp-block-heading has-text-align-center\">Premiere on April 25, 2024<\/h5>\n\n\n\n<hr class=\"wp-block-separator has-alpha-channel-opacity\"\/>\n\n\n\n<p style=\"text-align: center;\"><span style=\"color: #dd1616;\"><em>Here are the most relevant quotes from reviews in the German and international press.<br \/>This selection does not claim to be complete.<\/em><\/span><\/p>\n\n\n\n<hr class=\"wp-block-separator has-alpha-channel-opacity\"\/>\n\n\n\n<!--more-->\n\n\n\n<div class=\"wp-block-group alignfull has-background-background-color has-background\" style=\"margin-top:0;margin-bottom:0;padding-top:var(--wp--preset--spacing--60);padding-right:var(--wp--preset--spacing--30);padding-bottom:var(--wp--preset--spacing--60);padding-left:var(--wp--preset--spacing--30)\"><div class=\"wp-block-group__inner-container is-layout-constrained wp-container-core-group-is-layout-392eb801 wp-block-group-is-layout-constrained\">\n<h4 class=\"wp-block-heading has-text-align-center\"><a href=\"https:\/\/www.concerti.de\/\" target=\"_blank\" rel=\"noreferrer noopener\">concerti <\/a>by Roland H. Dippel<\/h4>\n\n\n\n<div style=\"height:15px\" aria-hidden=\"true\" class=\"wp-block-spacer\"><\/div>\n\n\n\n<h6 class=\"wp-block-heading has-text-align-center\">Wie eine Ehe von 1924 zu einer Ehe von 2024 wird<\/h6>\n\n\n\n<p class=\"has-text-align-center\" style=\"margin-top:16px\">&#8230;<em>Ein Gl\u00fccksfall als Storch wurde Philipp Jekal, der die Kronprinzen-Partie des Storch von Thomas Johannes Mayer \u00fcbernahm. In nur wenigen Jahren schaffte es Jekal vom Eleven in die DOB-Ensemblespitze. Storch ist wie Mandryka in \u201eArabella\u201c ein Bariton-Assoluto-Spurt mit Deklamation und Fortissimo-Melos.<\/em>..<\/p>\n\n\n\n<div class=\"wp-block-buttons is-content-justification-center is-layout-flex wp-container-core-buttons-is-layout-a0be7b9c wp-block-buttons-is-layout-flex\" style=\"margin-top:var(--wp--preset--spacing--40)\">\n<div class=\"wp-block-button is-style-fill\"><a class=\"wp-block-button__link has-vivid-red-background-color has-background wp-element-button\" href=\"https:\/\/www.concerti.de\/oper\/opern-kritiken\/deutsche-oper-berlin-intermezzo-25-4-2024\/\" target=\"_blank\" rel=\"noreferrer noopener\">READ MORE<\/a><\/div>\n<\/div>\n\n\n\n<div class=\"wp-block-kioken-spacer is-animated is-style-custom\" style=\"color:#999999;height:50px\"><div class=\"spacer-inner-wrap kt_d_flex kt_flex_aligncenter kt_flex_justifycenter\"><span class=\"spacer-line\" style=\"color:#999999;border-bottom-style:solid;border-bottom-width:2px\"><\/span><\/div><hr\/><\/div>\n\n\n\n<h4 class=\"wp-block-heading has-text-align-center\"><a href=\"https:\/\/deropernfreund.de\/\" target=\"_blank\" rel=\"noreferrer noopener\">Der Opernfreund<\/a> by Ingrid Wanja<\/h4>\n\n\n\n<div style=\"height:15px\" aria-hidden=\"true\" class=\"wp-block-spacer\"><\/div>\n\n\n\n<h6 class=\"wp-block-heading has-text-align-center\">Intermezzi<\/h6>\n\n\n\n<div style=\"height:15px\" aria-hidden=\"true\" class=\"wp-block-spacer\"><\/div>\n\n\n\n<p class=\"has-text-align-center\" style=\"margin-top:16px\"><em>&#8230;Als ihr B\u00fchnengatte bringt <strong>Philipp<\/strong> <strong>Jekal <\/strong>eine angenehme Erscheinung mit, dazu einen ebenm\u00e4\u00dfig gef\u00e4rbten Kavaliersbariton, der durchaus auch einmal auftrumpfen kann&#8230;<\/em><\/p>\n\n\n\n<div class=\"wp-block-buttons is-content-justification-center is-layout-flex wp-container-core-buttons-is-layout-a0be7b9c wp-block-buttons-is-layout-flex\" style=\"margin-top:var(--wp--preset--spacing--40)\">\n<div class=\"wp-block-button is-style-fill\"><a class=\"wp-block-button__link has-vivid-red-background-color has-background wp-element-button\" href=\"https:\/\/deropernfreund.de\/deutsche-oper-berlin\/berlin-intermezzo-richard-strauss\/\" target=\"_blank\" rel=\"noreferrer noopener\">READ MORE<\/a><\/div>\n<\/div>\n\n\n\n<div class=\"wp-block-kioken-spacer is-animated is-style-custom\" style=\"color:#999999;height:50px\"><div class=\"spacer-inner-wrap kt_d_flex kt_flex_aligncenter kt_flex_justifycenter\"><span class=\"spacer-line\" style=\"color:#999999;border-bottom-style:solid;border-bottom-width:2px\"><\/span><\/div><hr\/><\/div>\n\n\n\n<h4 class=\"wp-block-heading has-text-align-center\"><a href=\"https:\/\/klassik-begeistert.de\/\" target=\"_blank\" rel=\"noreferrer noopener\">Klassik begeistert <\/a>by Dr. Bianca M. Gerlich<\/h4>\n\n\n\n<div style=\"height:15px\" aria-hidden=\"true\" class=\"wp-block-spacer\"><\/div>\n\n\n\n<h6 class=\"wp-block-heading has-text-align-center\">Wenn aus der Trag\u00f6die eine Burleske wird\u2026 oder nicht doch eher umgekehrt?<\/h6>\n\n\n\n<div style=\"height:15px\" aria-hidden=\"true\" class=\"wp-block-spacer\"><\/div>\n\n\n\n<p class=\"has-text-align-center\">&#8230;.<em>gl\u00e4nzten der eingesprungene Philipp Jekal mit teilweise raumgreifender Stimme als Hofkapellmeister Storch<\/em>&#8230;<\/p>\n\n\n\n<div class=\"wp-block-buttons is-content-justification-center is-layout-flex wp-container-core-buttons-is-layout-a0be7b9c wp-block-buttons-is-layout-flex\" style=\"margin-top:var(--wp--preset--spacing--40)\">\n<div class=\"wp-block-button is-style-fill\"><a class=\"wp-block-button__link has-vivid-red-background-color has-background wp-element-button\" href=\"https:\/\/klassik-begeistert.de\/richard-strauss-1864-1949-intermezzo-libretto-vom-komponisten-deutsche-oper-berlin-1-mai-2024\/#more-61055\" target=\"_blank\" rel=\"noreferrer noopener\">READ MORE<\/a><\/div>\n<\/div>\n\n\n\n<div class=\"wp-block-kioken-spacer is-animated is-style-custom\" style=\"color:#999999;height:50px\"><div class=\"spacer-inner-wrap kt_d_flex kt_flex_aligncenter kt_flex_justifycenter\"><span class=\"spacer-line\" style=\"color:#999999;border-bottom-style:solid;border-bottom-width:2px\"><\/span><\/div><hr\/><\/div>\n\n\n\n<h4 class=\"wp-block-heading has-text-align-center\"><a href=\"https:\/\/www.nmz.de\/\" target=\"_blank\" rel=\"noreferrer noopener\">Neue Musikzeitung<\/a> by Joachim Lange<\/h4>\n\n\n\n<div style=\"height:15px\" aria-hidden=\"true\" class=\"wp-block-spacer\"><\/div>\n\n\n\n<h6 class=\"wp-block-heading has-text-align-center\">Bestens unterhalten \u2013 Tobias Kratzers Richard-Strauss-Trilogie an der Deutschen Oper Berlin mit \u201eIntermezzo\u201c fortgesetzt<\/h6>\n\n\n\n<div style=\"height:15px\" aria-hidden=\"true\" class=\"wp-block-spacer\"><\/div>\n\n\n\n<p class=\"has-text-align-center\"><em>&#8230;Philipp Jekal ist nicht nur dem Parlandotempo der Rolle gewachsen, er bew\u00e4ltigt auch den Spagat von erfolgreichem Star und genervtem Ehemann, der sich ganz gerne mal auf Dienstreise ein paar Tage keine klugen Ratschl\u00e4ge von der notorisch z\u00e4nkischen Ehefrau anh\u00f6ren will&#8230;<\/em><\/p>\n\n\n\n<div class=\"wp-block-buttons is-content-justification-center is-layout-flex wp-container-core-buttons-is-layout-a0be7b9c wp-block-buttons-is-layout-flex\" style=\"margin-top:var(--wp--preset--spacing--40)\">\n<div class=\"wp-block-button is-style-fill\"><a class=\"wp-block-button__link has-vivid-red-background-color has-background wp-element-button\" href=\"https:\/\/www.nmz.de\/kritik\/oper-konzert\/bestens-unterhalten-tobias-kratzers-richard-strauss-trilogie-der-deutschen-oper\" target=\"_blank\" rel=\"noreferrer noopener\">READ MORE<\/a><\/div>\n<\/div>\n\n\n\n<div class=\"wp-block-kioken-spacer is-animated is-style-custom\" style=\"color:#999999;height:50px\"><div class=\"spacer-inner-wrap kt_d_flex kt_flex_aligncenter kt_flex_justifycenter\"><span class=\"spacer-line\" style=\"color:#999999;border-bottom-style:solid;border-bottom-width:2px\"><\/span><\/div><hr\/><\/div>\n\n\n\n<h4 class=\"wp-block-heading has-text-align-center\"><a href=\"https:\/\/onlinemerker.com\/\" target=\"_blank\" rel=\"noreferrer noopener\">Online Merker <\/a>by Dr. Ingobert Waltenberger<\/h4>\n\n\n\n<div style=\"height:15px\" aria-hidden=\"true\" class=\"wp-block-spacer\"><\/div>\n\n\n\n<h6 class=\"wp-block-heading has-text-align-center\">Zum 100. Geburtstag der Urauff\u00fchrung von Intermezzo: Ein witziger, flotter, spritziger Opern-Kom\u00f6diengenuss!<\/h6>\n\n\n\n<div style=\"height:15px\" aria-hidden=\"true\" class=\"wp-block-spacer\"><\/div>\n\n\n\n<p class=\"has-text-align-center\">&#8230;<em>In einer k\u00f6stlichen Demontage des romantischen K\u00fcnstlerideals spielt und singt <strong>Philipp Jekal <\/strong>einen erfolgreichen Dirigenten und Komponisten mit geschwellter Brust, selbstzufrieden, eifrig und bodenst\u00e4ndig.<\/em>&#8230;<\/p>\n\n\n\n<div class=\"wp-block-buttons is-content-justification-center is-layout-flex wp-container-core-buttons-is-layout-a0be7b9c wp-block-buttons-is-layout-flex\" style=\"margin-top:var(--wp--preset--spacing--40)\">\n<div class=\"wp-block-button is-style-fill\"><a class=\"wp-block-button__link has-vivid-red-background-color has-background wp-element-button\" href=\"https:\/\/onlinemerker.com\/berlin-deutsche-oper-intermezzo-eine-buergerliche-komoedie-mit-sinfonischen-zwischenspielen-in-zwei-aufzuegen-premiere\/\" target=\"_blank\" rel=\"noreferrer noopener\">READ MORE<\/a><\/div>\n<\/div>\n\n\n\n<div class=\"wp-block-kioken-spacer is-animated is-style-custom\" style=\"color:#999999;height:50px\"><div class=\"spacer-inner-wrap kt_d_flex kt_flex_aligncenter kt_flex_justifycenter\"><span class=\"spacer-line\" style=\"color:#999999;border-bottom-style:solid;border-bottom-width:2px\"><\/span><\/div><hr\/><\/div>\n\n\n\n<h4 class=\"wp-block-heading has-text-align-center\"><a href=\"https:\/\/www.opera-online.com\/\" target=\"_blank\" rel=\"noreferrer noopener\">Opera Online<\/a> by Achim Dombrowski<\/h4>\n\n\n\n<div style=\"height:15px\" aria-hidden=\"true\" class=\"wp-block-spacer\"><\/div>\n\n\n\n<h6 class=\"wp-block-heading has-text-align-center\">Wohliges Ehestreiten mit St\u00f6ranf\u00e4lligkeiten<\/h6>\n\n\n\n<div style=\"height:15px\" aria-hidden=\"true\" class=\"wp-block-spacer\"><\/div>\n\n\n\n<p class=\"has-text-align-center\"><em>&#8230;Den empfindlich-empfindsamen Hofkapellmeister Robert Storch verk\u00f6rpert&nbsp;<strong>Philipp Jekal <\/strong>mit viel Spielfreude und gestresst-liebender Hingabe an seine anspruchsvoll-liebende Gattin. Gesanglich und darstellerisch ein Bravourst\u00fcck&#8230;<\/em><\/p>\n\n\n\n<div class=\"wp-block-buttons is-content-justification-center is-layout-flex wp-container-core-buttons-is-layout-a0be7b9c wp-block-buttons-is-layout-flex\" style=\"margin-top:var(--wp--preset--spacing--40)\">\n<div class=\"wp-block-button is-style-fill\"><a class=\"wp-block-button__link has-vivid-red-background-color has-background wp-element-button\" href=\"https:\/\/www.opera-online.com\/de\/columns\/dombrowski\/deutsche-oper-berlin-wohliges-ehestreiten-mit-storanfalligkeiten\" target=\"_blank\" rel=\"noreferrer noopener\">READ MORE<\/a><\/div>\n<\/div>\n\n\n\n<div class=\"wp-block-kioken-spacer is-animated is-style-custom\" style=\"color:#999999;height:50px\"><div class=\"spacer-inner-wrap kt_d_flex kt_flex_aligncenter kt_flex_justifycenter\"><span class=\"spacer-line\" style=\"color:#999999;border-bottom-style:solid;border-bottom-width:2px\"><\/span><\/div><hr\/><\/div>\n\n\n\n<h4 class=\"wp-block-heading has-text-align-center\"><a href=\"https:\/\/www.classicalsource.com\/\" target=\"_blank\" rel=\"noreferrer noopener\">The Classical Source<\/a> by Curtis Rogers<\/h4>\n\n\n\n<div style=\"height:15px\" aria-hidden=\"true\" class=\"wp-block-spacer\"><\/div>\n\n\n\n<h6 class=\"wp-block-heading has-text-align-center\">Deutsche Oper, Berlin \u2013 Richard Strauss\u2019s Intermezzo&nbsp;\u2013 Philipp Jekal, Maria Bengtsson &amp; Thomas Blondelle; directed by Tobias Kratzer; conducted by Donald Runnicles<\/h6>\n\n\n\n<div style=\"height:15px\" aria-hidden=\"true\" class=\"wp-block-spacer\"><\/div>\n\n\n\n<p class=\"has-text-align-center\">&#8230;<em>Philipp Jekal is an often stern-sounding Robert, making him here the somewhat neglectful, career-driven husband rather than the patient, forbearing one of (Strauss\u2019s own) libretto.<\/em>..<\/p>\n\n\n\n<div class=\"wp-block-buttons is-content-justification-center is-layout-flex wp-container-core-buttons-is-layout-a0be7b9c wp-block-buttons-is-layout-flex\" style=\"margin-top:var(--wp--preset--spacing--40)\">\n<div class=\"wp-block-button is-style-fill\"><a class=\"wp-block-button__link has-vivid-red-background-color has-background wp-element-button\" href=\"https:\/\/www.opera-online.com\/de\/columns\/dombrowski\/deutsche-oper-berlin-wohliges-ehestreiten-mit-storanfalligkeiten\" target=\"_blank\" rel=\"noreferrer noopener\">READ MORE<\/a><\/div>\n<\/div>\n\n\n\n<div class=\"wp-block-kioken-spacer is-animated is-style-custom\" style=\"color:#999999;height:50px\"><div class=\"spacer-inner-wrap kt_d_flex kt_flex_aligncenter kt_flex_justifycenter\"><span class=\"spacer-line\" style=\"color:#999999;border-bottom-style:solid;border-bottom-width:2px\"><\/span><\/div><hr\/><\/div>\n\n\n\n<h4 class=\"wp-block-heading has-text-align-center\">Cast:<\/h4>\n<\/div><\/div>\n\n\n\n<figure class=\"wp-block-table aligncenter is-style-stripes\"><table><tbody><tr><td class=\"has-text-align-right\" data-align=\"right\">Conductor<\/td><td class=\"has-text-align-left\" data-align=\"left\"><strong>Sir Donald Runnicles<\/strong><\/td><\/tr><tr><td class=\"has-text-align-right\" data-align=\"right\">Director<\/td><td class=\"has-text-align-left\" data-align=\"left\"><strong>Tobias Kratzer<\/strong><\/td><\/tr><tr><td class=\"has-text-align-right\" data-align=\"right\">Set-design, Costume-design<\/td><td class=\"has-text-align-left\" data-align=\"left\"><strong>Rainer Sellmaier&nbsp;&nbsp;&nbsp;&nbsp;&nbsp;&nbsp;&nbsp;&nbsp;&nbsp;<\/strong><\/td><\/tr><tr><td class=\"has-text-align-right\" data-align=\"right\">Light-design<\/td><td class=\"has-text-align-left\" data-align=\"left\"><strong>Stefan Woinke<\/strong><\/td><\/tr><tr><td class=\"has-text-align-right\" data-align=\"right\">Video<\/td><td class=\"has-text-align-left\" data-align=\"left\"><strong>Jonas Dahl, Janic Bebi<\/strong><\/td><\/tr><tr><td class=\"has-text-align-right\" data-align=\"right\">Dramaturgy<\/td><td class=\"has-text-align-left\" data-align=\"left\"><strong>J\u00f6rg K\u00f6nigsdorf<\/strong><\/td><\/tr><tr><td class=\"has-text-align-right\" data-align=\"right\"><\/td><td class=\"has-text-align-left\" data-align=\"left\"><\/td><\/tr><tr><td class=\"has-text-align-right\" data-align=\"right\">Court Conductor Robert Storch<\/td><td class=\"has-text-align-left\" data-align=\"left\"><strong>Philipp Jekal&nbsp;&nbsp;<\/strong><\/td><\/tr><tr><td class=\"has-text-align-right\" data-align=\"right\">Christine, his wife<\/td><td class=\"has-text-align-left\" data-align=\"left\"><strong>Maria Bengtsson<\/strong><\/td><\/tr><tr><td class=\"has-text-align-right\" data-align=\"right\">Franzl, her little son<\/td><td class=\"has-text-align-left\" data-align=\"left\"><strong>Elliott Woodruff<\/strong><\/td><\/tr><tr><td class=\"has-text-align-right\" data-align=\"right\">Anna, the Chambermaid<\/td><td class=\"has-text-align-left\" data-align=\"left\"><strong>Anna Schoeck<\/strong><\/td><\/tr><tr><td class=\"has-text-align-right\" data-align=\"right\">Baron Lummer<\/td><td class=\"has-text-align-left\" data-align=\"left\"><strong>Thomas Blondelle<\/strong><\/td><\/tr><tr><td class=\"has-text-align-right\" data-align=\"right\">Kapellmeister Stroh<\/td><td class=\"has-text-align-left\" data-align=\"left\"><strong>Clemens Bieber<\/strong><\/td><\/tr><tr><td class=\"has-text-align-right\" data-align=\"right\">Notary<\/td><td class=\"has-text-align-left\" data-align=\"left\"><strong>Markus Br\u00fcck<\/strong><\/td><\/tr><tr><td class=\"has-text-align-right\" data-align=\"right\">Wife of the notary<\/td><td class=\"has-text-align-left\" data-align=\"left\"><strong>Nadine Secunde<\/strong><\/td><\/tr><tr><td class=\"has-text-align-right\" data-align=\"right\">Kommerzienrat<\/td><td class=\"has-text-align-left\" data-align=\"left\"><strong>Joel Allison<\/strong><\/td><\/tr><tr><td class=\"has-text-align-right\" data-align=\"right\">Judicial Council<\/td><td class=\"has-text-align-left\" data-align=\"left\"><strong>Simon Pauly<\/strong><\/td><\/tr><tr><td class=\"has-text-align-right\" data-align=\"right\">Resi<\/td><td class=\"has-text-align-left\" data-align=\"left\"><strong>Lilit Davtyan<\/strong><\/td><\/tr><tr><td class=\"has-text-align-right\" data-align=\"right\"><\/td><td class=\"has-text-align-left\" data-align=\"left\"><strong>Orchester der Deutschen Oper Berlin<\/strong><\/td><\/tr><\/tbody><\/table><\/figure>\n","protected":false},"excerpt":{"rendered":"<p>Premiere on April 25, 2024 Here are the most relevant quotes from reviews in the German and international press.This selection does not claim to be complete.<\/p>\n","protected":false},"author":3,"featured_media":103035,"comment_status":"closed","ping_status":"closed","sticky":false,"template":"","format":"standard","meta":{"kk_blocks_editor_width":"","_kiokenblocks_attr":"","_kiokenblocks_dimensions":"","footnotes":""},"categories":[610,8008],"tags":[],"class_list":["post-106746","post","type-post","status-publish","format-standard","has-post-thumbnail","hentry","category-reviews","category-reviews-philipp-jekal"],"_links":{"self":[{"href":"https:\/\/agentur-seifert.de\/en\/wp-json\/wp\/v2\/posts\/106746","targetHints":{"allow":["GET"]}}],"collection":[{"href":"https:\/\/agentur-seifert.de\/en\/wp-json\/wp\/v2\/posts"}],"about":[{"href":"https:\/\/agentur-seifert.de\/en\/wp-json\/wp\/v2\/types\/post"}],"author":[{"embeddable":true,"href":"https:\/\/agentur-seifert.de\/en\/wp-json\/wp\/v2\/users\/3"}],"replies":[{"embeddable":true,"href":"https:\/\/agentur-seifert.de\/en\/wp-json\/wp\/v2\/comments?post=106746"}],"version-history":[{"count":6,"href":"https:\/\/agentur-seifert.de\/en\/wp-json\/wp\/v2\/posts\/106746\/revisions"}],"predecessor-version":[{"id":106752,"href":"https:\/\/agentur-seifert.de\/en\/wp-json\/wp\/v2\/posts\/106746\/revisions\/106752"}],"wp:featuredmedia":[{"embeddable":true,"href":"https:\/\/agentur-seifert.de\/en\/wp-json\/wp\/v2\/media\/103035"}],"wp:attachment":[{"href":"https:\/\/agentur-seifert.de\/en\/wp-json\/wp\/v2\/media?parent=106746"}],"wp:term":[{"taxonomy":"category","embeddable":true,"href":"https:\/\/agentur-seifert.de\/en\/wp-json\/wp\/v2\/categories?post=106746"},{"taxonomy":"post_tag","embeddable":true,"href":"https:\/\/agentur-seifert.de\/en\/wp-json\/wp\/v2\/tags?post=106746"}],"curies":[{"name":"wp","href":"https:\/\/api.w.org\/{rel}","templated":true}]}}