{"id":105803,"date":"2023-10-18T12:15:00","date_gmt":"2023-10-18T10:15:00","guid":{"rendered":"https:\/\/agentur-seifert.de\/?p=105803"},"modified":"2023-10-19T13:52:01","modified_gmt":"2023-10-19T11:52:01","slug":"il-trittico-premiere-deutsche-oper-berlin-reviews","status":"publish","type":"post","link":"https:\/\/agentur-seifert.de\/en\/il-trittico-premiere-deutsche-oper-berlin-reviews\/","title":{"rendered":"IL\u00a0TRITTICO (PREMIERE) \u2013 DEUTSCHE OPER BERLIN (REVIEWS)"},"content":{"rendered":"\n<hr class=\"wp-block-separator has-alpha-channel-opacity\"\/>\n\n\n\n<h5 class=\"wp-block-heading\">Premiere on September 30, 2023<\/h5>\n\n\n\n<hr class=\"wp-block-separator has-alpha-channel-opacity\"\/>\n\n\n\n<p><span style=\"color: #dd1616;\"><em>Here are the most relevant quotes from reviews in the German and international press.<br>This selection does not claim to be complete.<\/em><\/span><\/p>\n\n\n\n<hr class=\"wp-block-separator has-alpha-channel-opacity\"\/>\n\n\n\n<!--more-->\n\n\n\n<h4 class=\"wp-block-heading\"><a href=\"https:\/\/www.morgenpost.de\/\">Berliner Morgenpost<\/a> by Volker Blech<\/h4>\n\n\n\n<div style=\"height:15px\" aria-hidden=\"true\" class=\"wp-block-spacer\"><\/div>\n\n\n\n<h5 class=\"wp-block-heading\">Pinar Karabulut inszenierte Puccinis \u201eIl Trittico\u201c an der Deutschen Oper. Selten erlebt man ein derart lachendes Publikum.<\/h5>\n\n\n\n<div style=\"height:15px\" aria-hidden=\"true\" class=\"wp-block-spacer\"><\/div>\n\n\n\n<p><em>&#8230;Mit einer rundum gro\u00dfartigen S\u00e4ngerbesetzung \u2013 wie Mezzosopranistin Annika Schlicht in gleich drei Rollen \u2013 kann die Deutsche Oper aufwarten&#8230;<\/em><\/p>\n\n\n\n<div class=\"wp-block-kioken-advancedbtn kt-btn-align-left kt-btns-wrap kt-btns_9b3a6d-15\"><div class=\"kt-btn-wrap kt-btn-wrap-0 \"><a class=\"kt-button kt-btn-0-action   kt-btn-svg-show-always kt-btn-has-text-true kt-btn-has-svg-false\" href=\"https:\/\/www.morgenpost.de\/kultur\/article239708313\/deutsche-oper-karabulut-inszeniert-puccini-triptychon.html\" target=\"_blank\" rel=\"noreferrer noopener\" style=\"font-size:16px;border-width:0px\"><span class=\"kt-btn-inner-text\">Read more<\/span><\/a><\/div><\/div>\n\n\n\n<div class=\"wp-block-kioken-spacer is-style-custom\" style=\"color:#999999;height:50px\"><div class=\"spacer-inner-wrap kt_d_flex kt_flex_aligncenter kt_flex_justifycenter\"><span class=\"spacer-line\" style=\"color:#999999;border-bottom-style:solid;border-bottom-width:2px\"><\/span><\/div><hr\/><\/div>\n\n\n\n<h4 class=\"wp-block-heading\"><a href=\"https:\/\/deropernfreund.de\/\" target=\"_blank\" rel=\"noreferrer noopener\">Der Opernfreund<\/a> by Ingrid Wanja<\/h4>\n\n\n\n<div style=\"height:15px\" aria-hidden=\"true\" class=\"wp-block-spacer\"><\/div>\n\n\n\n<h5 class=\"wp-block-heading\">Berlin: \u201eIl Trittico\u201c, Giacomo&nbsp;Puccini<\/h5>\n\n\n\n<div style=\"height:15px\" aria-hidden=\"true\" class=\"wp-block-spacer\"><\/div>\n\n\n\n<p><em><strong>Annika Schlicht<\/strong> war in allen drei Einaktern eingesetzt, lie\u00df durchgehend eine urgesunde, sch\u00f6n timbrierte Mezzo-Stimme h\u00f6ren und wusste dabei auch vokal zu differenzieren zwischen einer zwielichtigen Frugola, einer strengen Suora Zelatrice und einer deftigen Zita.<\/em><\/p>\n\n\n\n<div class=\"wp-block-kioken-advancedbtn kt-btn-align-left kt-btns-wrap kt-btns_8accb6-a3\"><div class=\"kt-btn-wrap kt-btn-wrap-0 \"><a class=\"kt-button kt-btn-0-action   kt-btn-svg-show-always kt-btn-has-text-true kt-btn-has-svg-false\" href=\"https:\/\/deropernfreund.de\/deutsche-oper-berlin\/berlin-il-trittico-giacomo-puccini\/\" target=\"_blank\" rel=\"noreferrer noopener\" style=\"font-size:16px;border-width:0px\"><span class=\"kt-btn-inner-text\">Read more<\/span><\/a><\/div><\/div>\n\n\n\n<div class=\"wp-block-kioken-spacer is-style-custom\" style=\"color:#999999;height:50px\"><div class=\"spacer-inner-wrap kt_d_flex kt_flex_aligncenter kt_flex_justifycenter\"><span class=\"spacer-line\" style=\"color:#999999;border-bottom-style:solid;border-bottom-width:2px\"><\/span><\/div><hr\/><\/div>\n\n\n\n<h4 class=\"wp-block-heading\"><a href=\"https:\/\/www.welt.de\/\" target=\"_blank\" rel=\"noreferrer noopener\">Die Welt<\/a> by Manuel Brug<\/h4>\n\n\n\n<div style=\"height:15px\" aria-hidden=\"true\" class=\"wp-block-spacer\"><\/div>\n\n\n\n<h5 class=\"wp-block-heading\">Warum tun Frauen Frauen so etwas an?<\/h5>\n\n\n\n<div style=\"height:15px\" aria-hidden=\"true\" class=\"wp-block-spacer\"><\/div>\n\n\n\n<p><em>&#8230;Immerhin: Es ist ein Triumph des Ensembles \u2013 Anika Schlicht als linkische Frugola mit Katzentragetasche, Suor Zelatrice und altersgreinende Zita&#8230;<\/em><\/p>\n\n\n\n<div class=\"wp-block-kioken-advancedbtn kt-btn-align-left kt-btns-wrap kt-btns_667668-1c\"><div class=\"kt-btn-wrap kt-btn-wrap-0 \"><a class=\"kt-button kt-btn-0-action   kt-btn-svg-show-always kt-btn-has-text-true kt-btn-has-svg-false\" href=\"https:\/\/www.nmz.de\/online\/erwischt-auf-dem-holodeck-richard-wagners-tristan-und-isolde-am-staatstheater-cottbus\" style=\"font-size:16px;border-width:0px\"><span class=\"kt-btn-inner-text\">Read more<\/span><\/a><\/div><\/div>\n\n\n\n<div class=\"wp-block-kioken-spacer is-style-custom\" style=\"color:#999999;height:50px\"><div class=\"spacer-inner-wrap kt_d_flex kt_flex_aligncenter kt_flex_justifycenter\"><span class=\"spacer-line\" style=\"color:#999999;border-bottom-style:solid;border-bottom-width:2px\"><\/span><\/div><hr\/><\/div>\n\n\n\n<h4 class=\"wp-block-heading\"><a href=\"https:\/\/www.kultura-extra.de\/index.php\" target=\"_blank\" rel=\"noreferrer noopener\">KULTURA-EXTRA<\/a> by Andre Sokolowski<\/h4>\n\n\n\n<h5 class=\"wp-block-heading\">Schr\u00e4g, schr\u00e4ger, am schr\u00e4gsten<\/h5>\n\n\n\n<p><em>&#8230;Und eigentlich m\u00fcssten alle weiteren Neben- oder Kleindarsteller namentlich genannt sein &#8211; ich beschr\u00e4nke mich auf meine pers\u00f6nliche Lieblingsprotagonistin <strong>Annika Schlicht<\/strong>; sie agierte &#8211; als einzige in allen drei St\u00fccken &#8211; geradezu rampensauhaft. Wenn ein Haus mit so einer S\u00e4ngerdarstellerin gesegnet ist, hat es die halbe Miete bereits rein. Geniale Frau!&#8230;<\/em><em>\u00a0<\/em><\/p>\n\n\n\n<div class=\"wp-block-kioken-advancedbtn kt-btn-align-left kt-btns-wrap kt-btns_0a9b99-d3\"><div class=\"kt-btn-wrap kt-btn-wrap-0 \"><a class=\"kt-button kt-btn-0-action   kt-btn-svg-show-always kt-btn-has-text-true kt-btn-has-svg-false\" href=\"https:\/\/www.kultura-extra.de\/musik\/auffuehrungen\/premierenkritik_IlTrittico_DOB.php\" target=\"_blank\" rel=\"noreferrer noopener\" style=\"font-size:16px;border-width:0px\"><span class=\"kt-btn-inner-text\">Read more<\/span><\/a><\/div><\/div>\n\n\n\n<div class=\"wp-block-kioken-spacer is-style-custom\" style=\"color:#999999;height:50px\"><div class=\"spacer-inner-wrap kt_d_flex kt_flex_aligncenter kt_flex_justifycenter\"><span class=\"spacer-line\" style=\"color:#999999;border-bottom-style:solid;border-bottom-width:2px\"><\/span><\/div><hr\/><\/div>\n\n\n\n<h4 class=\"wp-block-heading\"><a href=\"https:\/\/www.mundoclasico.com\/\" target=\"_blank\" rel=\"noreferrer noopener\">Mundoclasico.com\u00a0<\/a>von Jesse Simon<\/h4>\n\n\n\n<h5 class=\"wp-block-heading\">Several Sins<\/h5>\n\n\n\n<p><em>\u2026Annika Schlicht, who appeared in all three operas (as La Frugola, La Suora Zelatrice and Zita) was on excellent form throughout; her Frugola especially brought a jolt of earthy personality to the reticent mood of Il Tabarro\u2026<\/em><\/p>\n\n\n\n<div class=\"wp-block-kioken-advancedbtn kt-btn-align-left kt-btns-wrap kt-btns_8b3f1c-01\"><div class=\"kt-btn-wrap kt-btn-wrap-0 \"><a class=\"kt-button kt-btn-0-action   kt-btn-svg-show-always kt-btn-has-text-true kt-btn-has-svg-false\" href=\"https:\/\/www.mundoclasico.com\/articulo\/39902\/Several-Sins#\" target=\"_blank\" rel=\"noreferrer noopener\" style=\"font-size:16px;border-width:0px\"><span class=\"kt-btn-inner-text\">Read more<\/span><\/a><\/div><\/div>\n\n\n\n<div class=\"wp-block-kioken-spacer is-style-custom\" style=\"color:#999999;height:50px\"><div class=\"spacer-inner-wrap kt_d_flex kt_flex_aligncenter kt_flex_justifycenter\"><span class=\"spacer-line\" style=\"color:#999999;border-bottom-style:solid;border-bottom-width:2px\"><\/span><\/div><hr\/><\/div>\n\n\n\n<h4 class=\"wp-block-heading\"><a href=\"https:\/\/onlinemerker.com\/\">Online Merker<\/a> by Dr. Ingobert Waltenberger<\/h4>\n\n\n\n<h5 class=\"wp-block-heading\">Pinar Karabulut mit einer freakigen Comic-Monster-Science-Fiction Welttheaterfantasie<\/h5>\n\n\n\n<p><em>&#8230;<strong>Annika Schlicht,<\/strong> wuchtet als penetrante Zita eine Charakterstudie der Sonderklasse auf die B\u00fchne&#8230;<\/em><\/p>\n\n\n\n<div class=\"wp-block-kioken-advancedbtn kt-btn-align-left kt-btns-wrap kt-btns_b5e949-28\"><div class=\"kt-btn-wrap kt-btn-wrap-0 \"><a class=\"kt-button kt-btn-0-action   kt-btn-svg-show-always kt-btn-has-text-true kt-btn-has-svg-false\" href=\"https:\/\/onlinemerker.com\/berlin-deutsche-oper-il-trittico-pinar-karabulut-mit-einer-freakigen-comic-monster-science-fiction-welttheaterfantasiepremiere\/\" target=\"_blank\" rel=\"noreferrer noopener\" style=\"font-size:16px;border-width:0px\"><span class=\"kt-btn-inner-text\">Read more<\/span><\/a><\/div><\/div>\n\n\n\n<div class=\"wp-block-kioken-spacer is-style-custom\" style=\"color:#999999;height:50px\"><div class=\"spacer-inner-wrap kt_d_flex kt_flex_aligncenter kt_flex_justifycenter\"><span class=\"spacer-line\" style=\"color:#999999;border-bottom-style:solid;border-bottom-width:2px\"><\/span><\/div><hr\/><\/div>\n\n\n\n<h4 class=\"wp-block-heading has-text-align-center\">Cast:<\/h4>\n\n\n\n<table style=\"border-collapse: collapse; width: 99.7672%; height: 1166px;\">\n<tbody>\n<tr style=\"height: 22px;\">\n<td style=\"width: 50%; height: 22px; text-align: right; vertical-align: top;\">Conductor<\/td>\n<td style=\"width: 50%; height: 22px; text-align: left; vertical-align: top;\"><strong>John Fiore<\/strong><\/td>\n<td style=\"width: 0.538462%; height: 22px;\">\u00a0<\/td>\n<\/tr>\n<tr style=\"height: 22px;\">\n<td style=\"width: 50%; height: 22px; text-align: right; vertical-align: top;\">Director<\/td>\n<td style=\"width: 50%; height: 22px; text-align: left; vertical-align: top;\"><strong>P\u0131nar Karabulut<\/strong><\/td>\n<td style=\"width: 0.538462%; height: 22px;\">\u00a0<\/td>\n<\/tr>\n<tr style=\"height: 22px;\">\n<td style=\"width: 50%; height: 22px; text-align: right; vertical-align: top;\">Set design<\/td>\n<td style=\"width: 50%; height: 22px; text-align: left; vertical-align: top;\"><strong>Michela Fl\u00fcck<\/strong><\/td>\n<td style=\"width: 0.538462%; height: 22px;\">\u00a0<\/td>\n<\/tr>\n<tr style=\"height: 22px;\">\n<td style=\"width: 50%; text-align: right; vertical-align: top; height: 22px;\">Costume design<\/td>\n<td style=\"width: 50%; text-align: left; vertical-align: top; height: 22px;\"><strong>Teresa Vergho<\/strong><\/td>\n<td style=\"width: 0.538462%; height: 22px;\">\u00a0<\/td>\n<\/tr>\n<tr style=\"height: 22px;\">\n<td style=\"width: 50%; text-align: right; vertical-align: top; height: 22px;\">Light design<\/td>\n<td style=\"width: 50%; height: 22px; text-align: left; vertical-align: top;\" data-label=\"Bahad\u0131r Hamdemir\"><strong>Carsten R\u00fcger<\/strong><\/td>\n<td style=\"width: 0.538462%; height: 22px;\">\u00a0<\/td>\n<\/tr>\n<tr style=\"height: 22px;\">\n<td style=\"width: 50%; height: 22px; text-align: right; vertical-align: top;\">Dramaturge<\/td>\n<td style=\"width: 50%; height: 22px; text-align: left; vertical-align: top;\"><strong>Dorothea Hartmann<\/strong><\/td>\n<td style=\"width: 0.538462%; height: 22px;\">\u00a0<\/td>\n<\/tr>\n<tr style=\"height: 22px;\">\n<td style=\"width: 50%; height: 22px; text-align: right; vertical-align: top;\">Chorus Master<\/td>\n<td style=\"width: 50%; height: 22px; text-align: left; vertical-align: top;\"><strong>Jeremy Bines<\/strong><\/td>\n<td style=\"width: 0.538462%; height: 22px;\">\u00a0<\/td>\n<\/tr>\n<tr style=\"height: 22px;\">\n<td style=\"width: 50%; height: 22px; text-align: right; vertical-align: top;\">Children&#8217;s chorus<\/td>\n<td style=\"width: 50%; height: 22px; text-align: left; vertical-align: top;\"><strong> Christian Lindhorst<\/strong><\/td>\n<td style=\"width: 0.538462%; height: 22px;\">\u00a0<\/td>\n<\/tr>\n<tr style=\"height: 22px;\">\n<td style=\"width: 100%; text-align: right; vertical-align: top; height: 22px;\" colspan=\"2\"><strong>\u00a0<\/strong><\/td>\n<td style=\"width: 0.538462%; height: 22px;\">\u00a0<\/td>\n<\/tr>\n<tr style=\"height: 22px;\">\n<td style=\"width: 100%; vertical-align: top; height: 22px; text-align: center;\" colspan=\"2\"><strong>IL TABARRO<\/strong><\/td>\n<td style=\"width: 0.538462%; height: 22px;\">\u00a0<\/td>\n<\/tr>\n<tr style=\"height: 22px;\">\n<td style=\"width: 50%; height: 22px; text-align: right; vertical-align: top;\">Michele<\/td>\n<td style=\"width: 50%; height: 22px; text-align: left; vertical-align: top;\" data-label=\"Bryan Register\"><strong>Misha Kiria<\/strong><\/td>\n<td style=\"width: 0.538462%; height: 22px;\">\u00a0<\/td>\n<\/tr>\n<tr style=\"height: 22px;\">\n<td style=\"width: 50%; text-align: right; height: 22px; vertical-align: top;\" data-label=\"K\u00f6nig Marke\">Luigi<\/td>\n<td style=\"width: 50%; height: 22px; text-align: left; vertical-align: top;\" data-label=\"Dimitry Ivashchenko\"><strong>Jonathan Tetelman<\/strong><\/td>\n<td style=\"width: 0.538462%; height: 22px;\">\u00a0<\/td>\n<\/tr>\n<tr style=\"height: 22px;\">\n<td style=\"width: 50%; height: 22px; text-align: right; vertical-align: top;\">Il Talpa<\/td>\n<td style=\"width: 50%; height: 22px; text-align: left; vertical-align: top;\"><strong>Andrew Harris<\/strong><\/td>\n<td style=\"width: 0.538462%; height: 22px;\">\u00a0<\/td>\n<\/tr>\n<tr style=\"height: 22px;\">\n<td style=\"width: 50%; height: 22px; text-align: right; vertical-align: top;\">Giorgetta<\/td>\n<td style=\"width: 50%; height: 22px; text-align: left; vertical-align: top;\"><strong>Carmen Giannattasio<\/strong><\/td>\n<td style=\"width: 0.538462%; height: 22px;\">\u00a0<\/td>\n<\/tr>\n<tr style=\"height: 22px;\">\n<td style=\"width: 50%; height: 22px; text-align: right; vertical-align: top;\">La Frugola<\/td>\n<td style=\"width: 50%; height: 22px; text-align: left; vertical-align: top;\"><strong>Annika Schlicht<\/strong><\/td>\n<td style=\"width: 0.538462%; height: 22px;\">\u00a0<\/td>\n<\/tr>\n<tr style=\"height: 22px;\">\n<td style=\"width: 50%; height: 22px; text-align: right; vertical-align: top;\">Un Venditore di Canzonette<\/td>\n<td style=\"width: 50%; height: 22px; text-align: left; vertical-align: top;\"><strong>Andrei Danilov<\/strong><\/td>\n<td style=\"width: 0.538462%; height: 22px;\">\u00a0<\/td>\n<\/tr>\n<tr style=\"height: 22px;\">\n<td style=\"width: 50%; text-align: right; vertical-align: top; height: 22px;\">Due Amanti<\/td>\n<td style=\"width: 50%; text-align: left; vertical-align: top; height: 22px;\">\n<div class=\"person_wrapper\"><strong>Lilit Davtyan, Andrei Danilov<\/strong><\/div>\n<\/td>\n<td style=\"width: 0.538462%; height: 22px;\">\u00a0<\/td>\n<\/tr>\n<tr style=\"height: 22px;\">\n<td style=\"width: 50%; text-align: right; height: 22px; vertical-align: top;\" data-label=\"Ein Steuermann\">Buoso Donati<\/td>\n<td style=\"width: 50%; height: 22px; text-align: left; vertical-align: top;\"><strong>Derrick Amanatidis<\/strong><\/td>\n<td style=\"width: 0.538462%; height: 22px;\">\u00a0<\/td>\n<\/tr>\n<tr style=\"height: 22px;\">\n<td style=\"width: 100%; text-align: right; height: 22px;\" colspan=\"2\">\u00a0<\/td>\n<td style=\"width: 0.538462%; height: 22px;\">\u00a0<\/td>\n<\/tr>\n<tr style=\"height: 22px;\">\n<td style=\"width: 100%; text-align: center; height: 22px;\" colspan=\"2\"><strong>SUOR ANGELICA<\/strong><\/td>\n<td style=\"width: 0.538462%; height: 22px;\">\u00a0<\/td>\n<\/tr>\n<tr style=\"height: 22px;\">\n<td style=\"width: 50%; text-align: right; height: 22px;\">Suor Angelica<\/td>\n<td style=\"width: 50%; text-align: left; vertical-align: top; height: 22px;\"><strong>Man\u00e9 Galoyan<\/strong><\/td>\n<td style=\"width: 0.538462%; height: 22px;\">\u00a0<\/td>\n<\/tr>\n<tr style=\"height: 22px;\">\n<td style=\"width: 50%; text-align: right; height: 22px;\">La Zia Principessa<\/td>\n<td style=\"width: 50%; text-align: left; vertical-align: top; height: 22px;\"><strong>Violeta Urmana<\/strong><\/td>\n<td style=\"width: 0.538462%; height: 22px;\">\u00a0<\/td>\n<\/tr>\n<tr style=\"height: 22px;\">\n<td style=\"width: 50%; text-align: right; height: 22px;\">La Badessa<\/td>\n<td style=\"width: 50%; text-align: left; vertical-align: top; height: 22px;\"><strong>Lauren Decker<\/strong><\/td>\n<td style=\"width: 0.538462%; height: 22px;\">\u00a0<\/td>\n<\/tr>\n<tr style=\"height: 22px;\">\n<td style=\"width: 50%; text-align: right; height: 22px;\">La Suora Zelatrice<\/td>\n<td style=\"width: 50%; text-align: left; vertical-align: top; height: 22px;\"><strong>Annika Schlicht<\/strong><\/td>\n<td style=\"width: 0.538462%; height: 22px;\">\u00a0<\/td>\n<\/tr>\n<tr style=\"height: 22px;\">\n<td style=\"width: 50%; text-align: right; height: 22px;\">La Maestra delle Novizie<\/td>\n<td style=\"width: 50%; text-align: left; vertical-align: top; height: 22px;\"><strong>Davia Bouley<\/strong><\/td>\n<td style=\"width: 0.538462%; height: 22px;\">\u00a0<\/td>\n<\/tr>\n<tr style=\"height: 22px;\">\n<td style=\"width: 50%; text-align: right; height: 22px;\">Suor Genovieffa<\/td>\n<td style=\"width: 50%; text-align: left; vertical-align: top; height: 22px;\"><strong>Lilit Davtyan<\/strong><\/td>\n<td style=\"width: 0.538462%; height: 22px;\">\u00a0<\/td>\n<\/tr>\n<tr style=\"height: 22px;\">\n<td style=\"width: 50%; text-align: right; height: 22px;\">\n<div class=\"role\">Suor Osmina<\/div>\n<\/td>\n<td style=\"width: 50%; text-align: left; vertical-align: top; height: 22px;\"><strong>Stephanie Lloyd<\/strong><\/td>\n<td style=\"width: 0.538462%; height: 22px;\">\u00a0<\/td>\n<\/tr>\n<tr style=\"height: 22px;\">\n<td style=\"width: 50%; text-align: right; height: 22px;\">Suor Dolcina<\/td>\n<td style=\"width: 50%; text-align: left; vertical-align: top; height: 22px;\"><strong>Gyumi Park<\/strong><\/td>\n<td style=\"width: 0.538462%; height: 22px;\">\u00a0<\/td>\n<\/tr>\n<tr style=\"height: 22px;\">\n<td style=\"width: 50%; text-align: right; height: 22px;\">La Suora Infermiera<\/td>\n<td style=\"width: 50%; text-align: left; vertical-align: top; height: 22px;\"><strong>Arianna Manganello<\/strong><\/td>\n<td style=\"width: 0.538462%; height: 22px;\">\u00a0<\/td>\n<\/tr>\n<tr style=\"height: 22px;\">\n<td style=\"width: 50%; text-align: right; height: 22px;\">1. Cercatrice<\/td>\n<td style=\"width: 50%; text-align: left; vertical-align: top; height: 22px;\"><strong>Rachel Pinevska<\/strong><\/td>\n<td style=\"width: 0.538462%; height: 22px;\">\u00a0<\/td>\n<\/tr>\n<tr style=\"height: 22px;\">\n<td style=\"width: 50%; text-align: right; height: 22px;\">2. Cercatrice<\/td>\n<td style=\"width: 50%; text-align: left; vertical-align: top; height: 22px;\"><strong>Kristina Griep<\/strong><\/td>\n<td style=\"width: 0.538462%; height: 22px;\">\u00a0<\/td>\n<\/tr>\n<tr style=\"height: 22px;\">\n<td style=\"width: 50%; text-align: right; height: 22px;\">La Novizia<\/td>\n<td style=\"width: 50%; text-align: left; vertical-align: top; height: 22px;\"><strong>Maria Motolygina<\/strong><\/td>\n<td style=\"width: 0.538462%; height: 22px;\">\u00a0<\/td>\n<\/tr>\n<tr style=\"height: 22px;\">\n<td style=\"width: 50%; text-align: right; height: 22px;\">Le Converse<\/td>\n<td style=\"width: 50%; text-align: left; vertical-align: top; height: 22px;\">\n<div class=\"person_wrapper\"><strong>Julie Wyma, Margarita Greiner<\/strong><\/div>\n<\/td>\n<td style=\"width: 0.538462%; height: 22px;\">\u00a0<\/td>\n<\/tr>\n<tr style=\"height: 22px;\">\n<td style=\"width: 100%; text-align: right; height: 22px;\" colspan=\"2\">\u00a0<\/td>\n<td style=\"width: 0.538462%; height: 22px;\">\u00a0<\/td>\n<\/tr>\n<tr style=\"height: 22px;\">\n<td style=\"width: 100%; height: 22px; text-align: center;\" colspan=\"2\"><strong>GIANNI SCHICCHI<\/strong><\/td>\n<td style=\"width: 0.538462%; height: 22px;\">\u00a0<\/td>\n<\/tr>\n<tr style=\"height: 22px;\">\n<td style=\"width: 50%; text-align: right; height: 22px;\">Gianni Schicchi<\/td>\n<td style=\"width: 50%; text-align: left; vertical-align: top; height: 22px;\"><strong>Misha Kiria<\/strong><\/td>\n<td style=\"width: 0.538462%; height: 22px;\">\u00a0<\/td>\n<\/tr>\n<tr style=\"height: 22px;\">\n<td style=\"width: 50%; text-align: right; height: 22px;\">Lauretta<\/td>\n<td style=\"width: 50%; text-align: left; vertical-align: top; height: 22px;\"><strong>Man\u00e9 Galoyan<\/strong><\/td>\n<td style=\"width: 0.538462%; height: 22px;\">\u00a0<\/td>\n<\/tr>\n<tr style=\"height: 22px;\">\n<td style=\"width: 50%; text-align: right; height: 22px;\">Zita<\/td>\n<td style=\"width: 50%; text-align: left; vertical-align: top; height: 22px;\"><strong>Annika Schlicht<\/strong><\/td>\n<td style=\"width: 0.538462%; height: 22px;\">\u00a0<\/td>\n<\/tr>\n<tr style=\"height: 22px;\">\n<td style=\"width: 50%; text-align: right; height: 22px;\">Rinuccio<\/td>\n<td style=\"width: 50%; text-align: left; vertical-align: top; height: 22px;\"><strong>Andrei Danilov<\/strong><\/td>\n<td style=\"width: 0.538462%; height: 22px;\">\u00a0<\/td>\n<\/tr>\n<tr style=\"height: 22px;\">\n<td style=\"width: 50%; text-align: right; height: 22px;\">Gherardo<\/td>\n<td style=\"width: 50%; text-align: left; vertical-align: top; height: 22px;\"><strong>Burkhard Ulrich<\/strong><\/td>\n<td style=\"width: 0.538462%; height: 22px;\">\u00a0<\/td>\n<\/tr>\n<tr style=\"height: 22px;\">\n<td style=\"width: 50%; text-align: right; height: 22px;\">Nella<\/td>\n<td style=\"width: 50%; text-align: left; vertical-align: top; height: 22px;\"><strong>Karola Pavone<\/strong><\/td>\n<td style=\"width: 0.538462%; height: 22px;\">\u00a0<\/td>\n<\/tr>\n<tr style=\"height: 22px;\">\n<td style=\"width: 50%; text-align: right; height: 22px;\">Betto di Signa<\/td>\n<td style=\"width: 50%; text-align: left; vertical-align: top; height: 22px;\"><strong>Michael Bachtadze<\/strong><\/td>\n<td style=\"width: 0.538462%; height: 22px;\">\u00a0<\/td>\n<\/tr>\n<tr style=\"height: 22px;\">\n<td style=\"width: 50%; text-align: right; height: 22px;\">Simone<\/td>\n<td style=\"width: 50%; text-align: left; vertical-align: top; height: 22px;\"><strong>Andrew Harris<\/strong><\/td>\n<td style=\"width: 0.538462%; height: 22px;\">\u00a0<\/td>\n<\/tr>\n<tr style=\"height: 22px;\">\n<td style=\"width: 50%; text-align: right; height: 22px;\">Marco<\/td>\n<td style=\"width: 50%; text-align: left; vertical-align: top; height: 22px;\"><strong>Dean Murphy<\/strong><\/td>\n<td style=\"width: 0.538462%; height: 22px;\">\u00a0<\/td>\n<\/tr>\n<tr style=\"height: 22px;\">\n<td style=\"width: 50%; text-align: right; height: 22px;\">La Ciesca<\/td>\n<td style=\"width: 50%; text-align: left; vertical-align: top; height: 22px;\"><strong>Arianna Manganello<\/strong><\/td>\n<td style=\"width: 0.538462%; height: 22px;\">\u00a0<\/td>\n<\/tr>\n<tr style=\"height: 22px;\">\n<td style=\"width: 50%; text-align: right; height: 22px;\">\n<div class=\"role\">Maestro Spinelloccio<\/div>\n<\/td>\n<td style=\"width: 50%; text-align: left; vertical-align: top; height: 22px;\"><strong>J\u00f6rg Sch\u00f6rner<\/strong><\/td>\n<td style=\"width: 0.538462%; height: 22px;\">\u00a0<\/td>\n<\/tr>\n<tr style=\"height: 22px;\">\n<td style=\"width: 50%; text-align: right; height: 22px;\">Amantio di Nicolao<\/td>\n<td style=\"width: 50%; text-align: left; vertical-align: top; height: 22px;\"><strong>Markus Br\u00fcck<\/strong><\/td>\n<td style=\"width: 0.538462%; height: 22px;\">\u00a0<\/td>\n<\/tr>\n<tr style=\"height: 22px;\">\n<td style=\"width: 50%; text-align: right; height: 22px;\">Pinellino<\/td>\n<td style=\"width: 50%; text-align: left; vertical-align: top; height: 22px;\"><strong>Christian Simmons<\/strong><\/td>\n<td style=\"width: 0.538462%; height: 22px;\">\u00a0<\/td>\n<\/tr>\n<tr style=\"height: 22px;\">\n<td style=\"width: 50%; text-align: right; height: 22px;\">Guccio<\/td>\n<td style=\"width: 50%; text-align: left; vertical-align: top; height: 22px;\"><strong>Gerard Farreras<\/strong><\/td>\n<td style=\"width: 0.538462%; height: 22px;\">\u00a0<\/td>\n<\/tr>\n<tr style=\"height: 22px;\">\n<td style=\"width: 50%; text-align: right; height: 22px;\">Buoso Donati<\/td>\n<td style=\"width: 50%; text-align: left; vertical-align: top; height: 22px;\"><strong>Derrick Amanatidis<\/strong><\/td>\n<td style=\"width: 0.538462%; height: 22px;\">\u00a0<\/td>\n<\/tr>\n<tr style=\"height: 22px;\">\n<td style=\"width: 100%; text-align: center; height: 22px; vertical-align: top;\" colspan=\"2\" data-label=\"Philharmonisches Orchester\"><strong>Orchester der Deutschen Oper Berlin<\/strong><\/td>\n<td style=\"width: 0.538462%; height: 22px;\">\u00a0<\/td>\n<\/tr>\n<tr style=\"height: 22px;\">\n<td style=\"height: 22px; text-align: center; vertical-align: top; width: 100%;\" colspan=\"2\"><strong>Chor der Deutschen Oper Berlin<\/strong><\/td>\n<td style=\"width: 0.538462%; height: 22px;\">\u00a0<\/td>\n<\/tr>\n<tr style=\"height: 22px;\">\n<td style=\"width: 100%; text-align: center; vertical-align: top; height: 22px;\" colspan=\"2\"><strong>Kinderchor der Deutschen Oper Berlin<br \/><\/strong><\/td>\n<td style=\"width: 0.538462%; height: 22px;\">\u00a0<\/td>\n<\/tr>\n<\/tbody>\n<\/table>\n","protected":false},"excerpt":{"rendered":"<p>Premiere on September 30, 2023 Here are the most relevant quotes from reviews in the German and international press.This selection does not claim to be complete.<\/p>\n","protected":false},"author":3,"featured_media":82783,"comment_status":"closed","ping_status":"closed","sticky":false,"template":"","format":"standard","meta":{"kk_blocks_editor_width":"","_kiokenblocks_attr":"","_kiokenblocks_dimensions":"","footnotes":""},"categories":[610,6983],"tags":[],"class_list":["post-105803","post","type-post","status-publish","format-standard","has-post-thumbnail","hentry","category-reviews","category-reviews-annika-schlicht"],"_links":{"self":[{"href":"https:\/\/agentur-seifert.de\/en\/wp-json\/wp\/v2\/posts\/105803","targetHints":{"allow":["GET"]}}],"collection":[{"href":"https:\/\/agentur-seifert.de\/en\/wp-json\/wp\/v2\/posts"}],"about":[{"href":"https:\/\/agentur-seifert.de\/en\/wp-json\/wp\/v2\/types\/post"}],"author":[{"embeddable":true,"href":"https:\/\/agentur-seifert.de\/en\/wp-json\/wp\/v2\/users\/3"}],"replies":[{"embeddable":true,"href":"https:\/\/agentur-seifert.de\/en\/wp-json\/wp\/v2\/comments?post=105803"}],"version-history":[{"count":6,"href":"https:\/\/agentur-seifert.de\/en\/wp-json\/wp\/v2\/posts\/105803\/revisions"}],"predecessor-version":[{"id":105817,"href":"https:\/\/agentur-seifert.de\/en\/wp-json\/wp\/v2\/posts\/105803\/revisions\/105817"}],"wp:featuredmedia":[{"embeddable":true,"href":"https:\/\/agentur-seifert.de\/en\/wp-json\/wp\/v2\/media\/82783"}],"wp:attachment":[{"href":"https:\/\/agentur-seifert.de\/en\/wp-json\/wp\/v2\/media?parent=105803"}],"wp:term":[{"taxonomy":"category","embeddable":true,"href":"https:\/\/agentur-seifert.de\/en\/wp-json\/wp\/v2\/categories?post=105803"},{"taxonomy":"post_tag","embeddable":true,"href":"https:\/\/agentur-seifert.de\/en\/wp-json\/wp\/v2\/tags?post=105803"}],"curies":[{"name":"wp","href":"https:\/\/api.w.org\/{rel}","templated":true}]}}