{"id":100860,"date":"2022-07-17T10:00:00","date_gmt":"2022-07-17T08:00:00","guid":{"rendered":"https:\/\/agentur-seifert.de\/?p=100860"},"modified":"2022-07-17T09:29:58","modified_gmt":"2022-07-17T07:29:58","slug":"carmen-premiere-staatstheater-cottbus-reviews","status":"publish","type":"post","link":"https:\/\/agentur-seifert.de\/en\/carmen-premiere-staatstheater-cottbus-reviews\/","title":{"rendered":"CARMEN (PREMIERE) &#8211; STAATSTHEATER COTTBUS (REVIEWS)"},"content":{"rendered":"\n<hr class=\"wp-block-separator has-alpha-channel-opacity\"\/>\n\n\n\n<h4 id=\"h-premiere-am-29-mai-2022\">Premiering on July 03, 2022<\/h4>\n\n\n\n<hr class=\"wp-block-separator has-alpha-channel-opacity\"\/>\n\n\n\n<p id=\"h-premiere-am-29-mai-2022\"><span style=\"color: #e00000;\"><em>Here are the most relevant quotes from reviews in the German and international press.<br \/>This selection does not claim to be complete.<\/em><\/span><\/p>\n\n\n\n<hr class=\"wp-block-separator has-alpha-channel-opacity\"\/>\n\n\n\n<!--more-->\n\n\n\n<h4 class=\"wp-block-heading\">M\u00e4rkische Oderzeitung\/Lausitzer Rundschau von Christina Tilmann<\/h4>\n\n\n\n<h5>Tanz mit dem Tod<\/h5>\n<blockquote>\n<p><em>(&#8230;) &#8211; sie f\u00fchrt jedoch zu einer h\u00f6chst stringenten, dichten Erz\u00e4hlung, die das Philharmonische Orchester unter der Leitung von Johannes Zurl so durchsichtig wie vorw\u00e4rtsdr\u00e4ngend spielt &#8211; hier gibt es kein Ausruhen auf musikalischen Evergreens, sondern eine schlanke, schl\u00fcssige Fassung. (&#8230;)<\/em><\/p>\n<\/blockquote>\n\n\n<div\n\t\t\t\n\t\t\tclass=\"so-widget-sow-button so-widget-sow-button-atom-5e34d56fa9df\"\n\t\t\t\n\t\t><div class=\"ow-button-base ow-button-align-left\"\n>\n\t\t\t<a\n\t\t\t\t\thref=\"https:\/\/www.lr-online.de\/\"\n\t\t\t\t\tclass=\"sowb-button ow-icon-placement-right ow-button-hover\" target=\"_blank\" rel=\"noopener noreferrer\" \t>\n\t\t<span>\n\t\t\t\n\t\t\tRead more\t\t<\/span>\n\t\t\t<\/a>\n\t<\/div>\n<\/div>\n\n\n<hr class=\"wp-block-separator has-alpha-channel-opacity is-style-dots\"\/>\n\n\n\n<h4 class=\"wp-block-heading\">M\u00e4rkische Allgemeine von Frank Dietschreit<\/h4>\n\n\n\n<h5>.Bizets &#8220;Carmen&#8221; trifft auf &#8220;Spiel mir das Lied vom Tod&#8221;<\/h5>\n<p><em>..Johannes Zurl leitet das Orchester umsichtig, balanciert zwischen klebrig-folkloristischen Elementen und staubtrocken konturierten Kl\u00e4ngen, erzeugt Spannung und Dynamik, indem er die Rezitative ausspart. Den von Bizet aufget\u00fcrmten &#8220;Hispanismo&#8221; verbannt er in den Orkus der Opern-Geschichte und entf\u00fchrt uns in eine Welt der Fantasie. Der intellektuelle Reiz, die musikalische Kraft, die Sch\u00f6nheit des Abends sind gro\u00df&#8230;<\/em><\/p>\n\n\n<div\n\t\t\t\n\t\t\tclass=\"so-widget-sow-button so-widget-sow-button-atom-5e34d56fa9df\"\n\t\t\t\n\t\t><div class=\"ow-button-base ow-button-align-left\"\n>\n\t\t\t<a\n\t\t\t\t\thref=\"https:\/\/www.maz-online.de\/\"\n\t\t\t\t\tclass=\"sowb-button ow-icon-placement-right ow-button-hover\" target=\"_blank\" rel=\"noopener noreferrer\" \t>\n\t\t<span>\n\t\t\t\n\t\t\tRead more\t\t<\/span>\n\t\t\t<\/a>\n\t<\/div>\n<\/div>\n\n\n<hr class=\"wp-block-separator has-alpha-channel-opacity is-style-dots\"\/>\n\n\n\n<h4 class=\"has-text-align-center wp-block-heading\">Cast:<\/h4>\n\n\n\n<p><\/p>\n<table style=\"width: 111.308%; height: 462px;\">\n<tbody>\n<tr style=\"height: 22px;\">\n<td style=\"width: 44.8625%; height: 22px; text-align: right; vertical-align: top;\">Musikalische Leitung<\/td>\n<td style=\"width: 53.5221%; height: 22px; text-align: left; vertical-align: top;\"><strong><span class=\"tss-cache-1awfgdh-nameWrapper\"><span class=\"tss-cache-1tdjd2g-nameItem\">Johannes Zur<\/span><span class=\"tss-cache-1tdjd2g-nameItem\">l<\/span><\/span><\/strong><\/td>\n<td style=\"width: 12.1538%; height: 22px;\">\u00a0<\/td>\n<\/tr>\n<tr style=\"height: 22px;\">\n<td style=\"width: 44.8625%; height: 22px; text-align: right; vertical-align: top;\"><span class=\"tss-cache-1mpjrkr-roleName\">Regie<\/span><\/td>\n<td style=\"width: 53.5221%; height: 22px; text-align: left; vertical-align: top;\"><strong><span class=\"tss-cache-1awfgdh-nameWrapper\"><span class=\"tss-cache-1tdjd2g-nameItem\">Stephan M\u00e4rki<\/span><\/span><\/strong><\/td>\n<td style=\"width: 12.1538%; height: 22px;\">\u00a0<\/td>\n<\/tr>\n<tr style=\"height: 22px;\">\n<td style=\"width: 44.8625%; height: 22px; text-align: right; vertical-align: top;\">B\u00fchne\/Kost\u00fcm<\/td>\n<td style=\"width: 53.5221%; height: 22px; text-align: left; vertical-align: top;\" data-label=\"B\u00fchne\/Kost\u00fcm\"><strong>Philipp F\u00fcrhofer<\/strong><\/td>\n<td style=\"width: 12.1538%; height: 22px;\" data-label=\"Philipp F\u00fcrhofer\">\u00a0<\/td>\n<\/tr>\n<tr style=\"height: 22px;\">\n<td style=\"width: 44.8625%; height: 22px; text-align: right; vertical-align: top;\">Kost\u00fcm<\/td>\n<td style=\"width: 53.5221%; height: 22px; text-align: left; vertical-align: top;\"><strong>Hannah Barbara Bachmann<\/strong><\/td>\n<td style=\"width: 12.1538%; height: 22px;\">\u00a0<\/td>\n<\/tr>\n<tr style=\"height: 22px;\">\n<td style=\"width: 44.8625%; height: 22px; text-align: right; vertical-align: top;\">Lichtdesign<\/td>\n<td style=\"width: 53.5221%; height: 22px; text-align: left; vertical-align: top;\"><strong>Diego Leetz<\/strong><\/td>\n<td style=\"width: 12.1538%; height: 22px;\">\u00a0<\/td>\n<\/tr>\n<tr style=\"height: 22px;\">\n<td style=\"width: 44.8625%; height: 22px; text-align: right; vertical-align: top;\">Video<\/td>\n<td style=\"width: 53.5221%; height: 22px; text-align: left; vertical-align: top;\"><strong>Ren\u00e9 Liebert<\/strong><\/td>\n<td style=\"width: 12.1538%; height: 22px;\">\u00a0<\/td>\n<\/tr>\n<tr style=\"height: 22px;\">\n<td style=\"width: 44.8625%; height: 22px; text-align: right; vertical-align: top;\">Dramaturgie<\/td>\n<td style=\"width: 53.5221%; height: 22px; text-align: left; vertical-align: top;\"><strong><span class=\"tss-cache-1awfgdh-nameWrapper\"><span class=\"tss-cache-1tdjd2g-nameItem\">Catherine Duda<\/span><\/span><\/strong><\/td>\n<td style=\"width: 12.1538%; height: 22px;\">\u00a0<\/td>\n<\/tr>\n<tr style=\"height: 22px;\">\n<td style=\"width: 44.8625%; height: 22px; text-align: right; vertical-align: top;\">\u00a0<\/td>\n<td style=\"width: 53.5221%; height: 22px; text-align: left; vertical-align: top;\"><strong><span class=\"tss-cache-1awfgdh-nameWrapper\"><span class=\"tss-cache-1tdjd2g-nameItem\">\u00a0<\/span><\/span><\/strong><\/td>\n<td style=\"width: 12.1538%; height: 22px;\">\u00a0<\/td>\n<\/tr>\n<tr style=\"height: 22px;\">\n<td style=\"width: 44.8625%; height: 22px; text-align: right; vertical-align: top;\">Don Jos\u00e9<\/td>\n<td style=\"width: 53.5221%; height: 22px; text-align: left; vertical-align: top;\"><strong><span class=\"tss-cache-1awfgdh-nameWrapper\"><span class=\"tss-cache-1tdjd2g-nameItem\">Alexey Sayapin<\/span><\/span><\/strong><\/td>\n<td style=\"width: 12.1538%; height: 22px;\">\u00a0<\/td>\n<\/tr>\n<tr style=\"height: 22px;\">\n<td style=\"width: 44.8625%; height: 22px; text-align: right; vertical-align: top;\">Escamillo<\/td>\n<td style=\"width: 53.5221%; height: 22px; text-align: left; vertical-align: top;\"><strong><span class=\"tss-cache-1awfgdh-nameWrapper\"><span class=\"tss-cache-1tdjd2g-nameItem\">Nils St\u00e4fe<\/span><\/span><\/strong><\/td>\n<td style=\"width: 12.1538%; height: 22px;\">\u00a0<\/td>\n<\/tr>\n<tr style=\"height: 22px;\">\n<td style=\"width: 44.8625%; height: 22px; text-align: right; vertical-align: top;\">Danceire<\/td>\n<td style=\"width: 53.5221%; height: 22px; text-align: left; vertical-align: top;\"><strong><span class=\"tss-cache-1awfgdh-nameWrapper\"><span class=\"tss-cache-1tdjd2g-nameItem\">Daniel Foki<\/span><\/span><\/strong><\/td>\n<td style=\"width: 12.1538%; height: 22px;\">\u00a0<\/td>\n<\/tr>\n<tr style=\"height: 22px;\">\n<td style=\"width: 44.8625%; height: 22px; text-align: right; vertical-align: top;\">Remendado<\/td>\n<td style=\"width: 53.5221%; height: 22px; text-align: left; vertical-align: top;\"><strong><span class=\"tss-cache-1awfgdh-nameWrapper\"><span class=\"tss-cache-1tdjd2g-nameItem\">Hardy Brachmann, Andries Cloete<\/span><\/span><\/strong><\/td>\n<td style=\"width: 12.1538%; height: 22px;\">\u00a0<\/td>\n<\/tr>\n<tr style=\"height: 22px;\">\n<td style=\"width: 44.8625%; height: 22px; text-align: right; vertical-align: top;\">Moral\u00e9s<\/td>\n<td style=\"width: 53.5221%; height: 22px; text-align: left; vertical-align: top;\"><strong><span class=\"tss-cache-1awfgdh-nameWrapper\"><span class=\"tss-cache-1tdjd2g-nameItem\">Daniel Foki<\/span><\/span><\/strong><\/td>\n<td style=\"width: 12.1538%; height: 22px;\">\u00a0<\/td>\n<\/tr>\n<tr style=\"height: 22px;\">\n<td style=\"width: 44.8625%; height: 22px; text-align: right; vertical-align: top;\">Zuniga<\/td>\n<td style=\"width: 53.5221%; height: 22px; text-align: left; vertical-align: top;\"><strong><span class=\"tss-cache-1awfgdh-nameWrapper\"><span class=\"tss-cache-1tdjd2g-nameItem\">Philipp Mayer, Ulrich Schneider<\/span><\/span><\/strong><\/td>\n<td style=\"width: 12.1538%; height: 22px;\">\u00a0<\/td>\n<\/tr>\n<tr style=\"height: 22px;\">\n<td style=\"width: 44.8625%; height: 22px; text-align: right; vertical-align: top;\">Carmen<\/td>\n<td style=\"width: 53.5221%; height: 22px; text-align: left; vertical-align: top;\"><strong><span class=\"tss-cache-1awfgdh-nameWrapper\"><span class=\"tss-cache-1tdjd2g-nameItem\">Claude Eichenberger, Katarina Bradi\u0107<\/span><\/span><\/strong><\/td>\n<td style=\"width: 12.1538%; height: 22px;\">\u00a0<\/td>\n<\/tr>\n<tr style=\"height: 22px;\">\n<td style=\"width: 44.8625%; height: 22px; text-align: right; vertical-align: top;\">Mica\u00ebla<\/td>\n<td style=\"width: 53.5221%; height: 22px; text-align: left; vertical-align: top;\"><strong><span class=\"tss-cache-1awfgdh-nameWrapper\"><span class=\"tss-cache-1tdjd2g-nameItem\">Ketevan Chuntishvili<\/span><\/span><\/strong><\/td>\n<td style=\"width: 12.1538%; height: 22px;\">\u00a0<\/td>\n<\/tr>\n<tr style=\"height: 22px;\">\n<td style=\"width: 44.8625%; height: 22px; text-align: right; vertical-align: top;\">Frasquita<\/td>\n<td style=\"width: 53.5221%; height: 22px; text-align: left; vertical-align: top;\"><strong><span class=\"tss-cache-1awfgdh-nameWrapper\"><span class=\"tss-cache-1tdjd2g-nameItem\">Georgina Melville, Anne Martha Schuitemaker<\/span><\/span><\/strong><\/td>\n<td style=\"width: 12.1538%; height: 22px;\">\u00a0<\/td>\n<\/tr>\n<tr style=\"height: 22px;\">\n<td style=\"width: 44.8625%; height: 22px; text-align: right; vertical-align: top;\">Merc\u00e9d\u00e8s<\/td>\n<td style=\"width: 53.5221%; height: 22px; text-align: left; vertical-align: top;\"><strong><span class=\"tss-cache-1awfgdh-nameWrapper\"><span class=\"tss-cache-1tdjd2g-nameItem\">Rahel Brede<\/span><\/span><\/strong><\/td>\n<td style=\"width: 12.1538%; height: 22px;\">\u00a0<\/td>\n<\/tr>\n<tr style=\"height: 22px;\">\n<td style=\"width: 44.8625%; height: 22px; text-align: right; vertical-align: top;\">\u00a0<\/td>\n<td style=\"width: 53.5221%; height: 22px; text-align: left; vertical-align: top;\" data-label=\"Opernchor\"><strong>Opernchor<\/strong><\/td>\n<td style=\"width: 12.1538%; height: 22px;\" data-label=\"\">\u00a0<\/td>\n<\/tr>\n<tr style=\"height: 22px;\">\n<td style=\"width: 44.8625%; height: 22px; text-align: right; vertical-align: top;\">\u00a0<\/td>\n<td style=\"width: 53.5221%; height: 22px; text-align: left; vertical-align: top;\" data-label=\"Kinder- und Jugendchor\"><strong>Kinder- und Jugendchor<\/strong><\/td>\n<td style=\"width: 12.1538%; height: 22px;\">\u00a0<\/td>\n<\/tr>\n<tr style=\"height: 22px;\">\n<td style=\"width: 44.8625%; height: 22px; text-align: right; vertical-align: top;\">\u00a0<\/td>\n<td style=\"width: 53.5221%; height: 22px; text-align: left; vertical-align: top;\"><strong> Philharmonisches Orchester <\/strong><\/td>\n<td style=\"width: 12.1538%; height: 22px;\">\u00a0<\/td>\n<\/tr>\n<\/tbody>\n<\/table>\n<div class=\"MuiGrid-root MuiGrid-item tss-cache-1uch7bg-root-teamItemBlock mui-cache-1wxaqej\">\n<div class=\"MuiGrid-root tss-cache-1k2b3ak-content mui-cache-rfnosa\">\n<div>\n<div class=\"tss-cache-p3r62i-container\">\n<div class=\"tss-cache-1ae27qh-name\">\u00a0<\/div>\n<\/div>\n<\/div>\n<div>\n<div class=\"tss-cache-p3r62i-container\">\n<div class=\"tss-cache-1ae27qh-name\">\u00a0<\/div>\n<\/div>\n<\/div>\n<div>\n<div class=\"tss-cache-p3r62i-container\">\u00a0<\/div>\n<\/div>\n<\/div>\n<\/div>\n<p><\/p>\n","protected":false},"excerpt":{"rendered":"<p>[English] <em>(&#8230;) &#8211; sie f\u00fchrt jedoch zu einer h\u00f6chst stringenten, dichten Erz\u00e4hlung, die das Philharmonische Orchester unter der Leitung von Johannes Zurl so durchsichtig wie vorw\u00e4rtsdr\u00e4ngend spielt &#8211; hier gibt es kein Ausruhen auf musikalischen Evergreens, sondern eine schlanke, schl\u00fcssige Fassung. (&#8230;)<\/em><\/p>\n","protected":false},"author":3,"featured_media":90041,"comment_status":"closed","ping_status":"closed","sticky":false,"template":"","format":"standard","meta":{"kk_blocks_editor_width":"","_kiokenblocks_attr":"","_kiokenblocks_dimensions":"","footnotes":""},"categories":[610,7973],"tags":[],"class_list":["post-100860","post","type-post","status-publish","format-standard","has-post-thumbnail","hentry","category-reviews","category-reviews-johannes-zurl"],"_links":{"self":[{"href":"https:\/\/agentur-seifert.de\/en\/wp-json\/wp\/v2\/posts\/100860","targetHints":{"allow":["GET"]}}],"collection":[{"href":"https:\/\/agentur-seifert.de\/en\/wp-json\/wp\/v2\/posts"}],"about":[{"href":"https:\/\/agentur-seifert.de\/en\/wp-json\/wp\/v2\/types\/post"}],"author":[{"embeddable":true,"href":"https:\/\/agentur-seifert.de\/en\/wp-json\/wp\/v2\/users\/3"}],"replies":[{"embeddable":true,"href":"https:\/\/agentur-seifert.de\/en\/wp-json\/wp\/v2\/comments?post=100860"}],"version-history":[{"count":2,"href":"https:\/\/agentur-seifert.de\/en\/wp-json\/wp\/v2\/posts\/100860\/revisions"}],"predecessor-version":[{"id":100862,"href":"https:\/\/agentur-seifert.de\/en\/wp-json\/wp\/v2\/posts\/100860\/revisions\/100862"}],"wp:featuredmedia":[{"embeddable":true,"href":"https:\/\/agentur-seifert.de\/en\/wp-json\/wp\/v2\/media\/90041"}],"wp:attachment":[{"href":"https:\/\/agentur-seifert.de\/en\/wp-json\/wp\/v2\/media?parent=100860"}],"wp:term":[{"taxonomy":"category","embeddable":true,"href":"https:\/\/agentur-seifert.de\/en\/wp-json\/wp\/v2\/categories?post=100860"},{"taxonomy":"post_tag","embeddable":true,"href":"https:\/\/agentur-seifert.de\/en\/wp-json\/wp\/v2\/tags?post=100860"}],"curies":[{"name":"wp","href":"https:\/\/api.w.org\/{rel}","templated":true}]}}